{"id":882,"date":"2019-02-11T17:11:51","date_gmt":"2019-02-11T16:11:51","guid":{"rendered":"http:\/\/musikverein-uelsen.de\/wordpress\/?p=882"},"modified":"2019-02-11T17:12:36","modified_gmt":"2019-02-11T16:12:36","slug":"benefizkonzert-2019","status":"publish","type":"post","link":"https:\/\/musikverein-uelsen.de\/wordpress\/2019\/02\/11\/benefizkonzert-2019\/","title":{"rendered":"Benefizkonzert 2019"},"content":{"rendered":"<p><img loading=\"lazy\" decoding=\"async\" src=\"http:\/\/musikverein-uelsen.de\/wordpress\/wp-content\/uploads\/2019\/02\/Plakatbenefiz19_klein.jpg\" alt=\"\" class=\"alignnone size-full wp-image-883\" width=\"350\" height=\"496\" srcset=\"https:\/\/musikverein-uelsen.de\/wordpress\/wp-content\/uploads\/2019\/02\/Plakatbenefiz19_klein.jpg 350w, https:\/\/musikverein-uelsen.de\/wordpress\/wp-content\/uploads\/2019\/02\/Plakatbenefiz19_klein-212x300.jpg 212w\" sizes=\"auto, (max-width: 350px) 100vw, 350px\" \/><br \/>\nIn diesem Fr\u00fchjahr haben wir ein kleines aber feines Konzert im Programm. Am Anfang der \u00dcberlegungen stand, dass der Erl\u00f6s einem guten Zweck zukommen sollte. Dabei herausgekommen ist ein Benefizkonzert in Veldhausen zugunsten von Amnesty International. Freuen sie sich auf einen bunten und kindgerechten Nachmittag. Schon um 16 Uhr soll unser Konzert starten, damit auch j\u00fcngere Besucher die Gelegenheit haben uns zu sehen und vor allem zu h\u00f6ren. Wir freuen uns auf Sie!<br \/>\nDer Ticketverkauf ist \u00fcbrings ab sofort gestartet. Unter anderem auch hier auf der Homepage.<\/p>\n","protected":false},"excerpt":{"rendered":"<p>In diesem Fr\u00fchjahr haben wir ein kleines aber feines Konzert im Programm. Am Anfang der \u00dcberlegungen stand, dass der Erl\u00f6s einem guten Zweck zukommen sollte. Dabei herausgekommen ist ein Benefizkonzert in Veldhausen zugunsten von Amnesty International. Freuen sie sich auf einen bunten und kindgerechten Nachmittag. Schon um 16 Uhr soll unser Konzert starten, damit auch<\/p>\n<p><a href=\"https:\/\/musikverein-uelsen.de\/wordpress\/2019\/02\/11\/benefizkonzert-2019\/\" class=\"more-link themebutton\">Read More<\/a><\/p>\n","protected":false},"author":2,"featured_media":883,"comment_status":"open","ping_status":"open","sticky":false,"template":"","format":"standard","meta":{"footnotes":""},"categories":[1],"tags":[],"class_list":["post-882","post","type-post","status-publish","format-standard","has-post-thumbnail","hentry","category-uncategorized"],"_links":{"self":[{"href":"https:\/\/musikverein-uelsen.de\/wordpress\/wp-json\/wp\/v2\/posts\/882","targetHints":{"allow":["GET"]}}],"collection":[{"href":"https:\/\/musikverein-uelsen.de\/wordpress\/wp-json\/wp\/v2\/posts"}],"about":[{"href":"https:\/\/musikverein-uelsen.de\/wordpress\/wp-json\/wp\/v2\/types\/post"}],"author":[{"embeddable":true,"href":"https:\/\/musikverein-uelsen.de\/wordpress\/wp-json\/wp\/v2\/users\/2"}],"replies":[{"embeddable":true,"href":"https:\/\/musikverein-uelsen.de\/wordpress\/wp-json\/wp\/v2\/comments?post=882"}],"version-history":[{"count":2,"href":"https:\/\/musikverein-uelsen.de\/wordpress\/wp-json\/wp\/v2\/posts\/882\/revisions"}],"predecessor-version":[{"id":885,"href":"https:\/\/musikverein-uelsen.de\/wordpress\/wp-json\/wp\/v2\/posts\/882\/revisions\/885"}],"wp:featuredmedia":[{"embeddable":true,"href":"https:\/\/musikverein-uelsen.de\/wordpress\/wp-json\/wp\/v2\/media\/883"}],"wp:attachment":[{"href":"https:\/\/musikverein-uelsen.de\/wordpress\/wp-json\/wp\/v2\/media?parent=882"}],"wp:term":[{"taxonomy":"category","embeddable":true,"href":"https:\/\/musikverein-uelsen.de\/wordpress\/wp-json\/wp\/v2\/categories?post=882"},{"taxonomy":"post_tag","embeddable":true,"href":"https:\/\/musikverein-uelsen.de\/wordpress\/wp-json\/wp\/v2\/tags?post=882"}],"curies":[{"name":"wp","href":"https:\/\/api.w.org\/{rel}","templated":true}]}}