{"id":866,"date":"2018-12-27T19:41:12","date_gmt":"2018-12-27T18:41:12","guid":{"rendered":"http:\/\/musikverein-uelsen.de\/wordpress\/?p=866"},"modified":"2019-01-07T14:45:12","modified_gmt":"2019-01-07T13:45:12","slug":"perfekte-klaenge-vor-dem-fest-in-emlichheim","status":"publish","type":"post","link":"https:\/\/musikverein-uelsen.de\/wordpress\/2018\/12\/27\/perfekte-klaenge-vor-dem-fest-in-emlichheim\/","title":{"rendered":"Perfekte Kl\u00e4nge vor dem Fest in Emlichheim"},"content":{"rendered":"<p>Der Musikverein Uelsen begeisterte mit seinem Weihnachtsprogramm vor 900 Zuschauern in Emlichheim. Die gro\u00dfe Kuppel der evangelisch-altreformierten Kirche sorgte f\u00fcr eine beeindruckende Kulisse.<\/p>\n<p> <strong>Emlichheim<\/strong> Vor rund 900 Zuschauern \u2013 n\u00e4mlich denjenigen, die das Gl\u00fcck hatten, Tickets daf\u00fcr zu ergattern \u2013 spielte die Big Band des Musikvereins Uelsen unter der Leitung von Helga Hoogland am vergangenen Sonnabend zum allj\u00e4hrlichen Weihnachtskonzert auf. Wieder einmal gastierte man in der altreformierten Kirche in Emlichheim, wieder vermittelte deren markant in Pink angestrahlte zeltartige Kuppel die besondere Weihnachtswohlf\u00fchlatmosph\u00e4re in dem randvoll besetzten Gotteshaus.<\/p>\n<p>Das etwa 60 Mitglieder z\u00e4hlende Ensemble gab sich keine technische Bl\u00f6\u00dfe: Perfekt hatte man die anderthalb Dutzend St\u00fccke des Abends einstudiert. Imposant gleich das erste St\u00fcck \u201eFanfare For a New Horizon\u201c aus der Feder des \u00d6sterreichers Thomas Doss, dessen musikalische Darbietung die Vielfalt der Ausdrucksm\u00f6glichkeiten eines derartigen Orchesters in seiner ganzen Bandbreite schillernd und brillant vor Augen f\u00fchrte. Denn neben den vielen fanfarenartigen Passagen mit ihren dramatischen Steigerungen, gab es einen st\u00e4ndigen, eing\u00e4ngig gestalteten Wechsel mit besinnlichen, etwa von Klarinetten \u00fcbernommenen Partien, oft \u00fcberraschend einsetzend und ihrerseits auf spielerische Weise variantenreich entwickelt, so dass ein vollkommen \u00fcberzeugender, harmonischer Gesamteindruck entstand.  <\/p>\n<p>Es folgten Bearbeitungen verschiedenster weihnachtlicher Lieder bzw. solcher, die auch zur weihnachtlichen Stimmung passten, z.B. aus dem Musical \u201eThe Polar Express\u201c, \u201eWinter Wonderland\u201c oder \u201eHave Yourself a Merry Little Christmas\u201c.<\/p>\n<p>Den Gro\u00dfteil der Moderation \u00fcbernahm der Tenorsolist Henrik Veldink, bereits zum wiederholten Male Gast des Musikvereins. Wieder sang Veldink auch zu mehreren von Gabor Klink-Spekker umgearbeiteten Arrangements, so erklang etwa das traditionelle Weihnachtslied \u201eWie soll ich dich empfangen\u201c nun im Bossa Nova-Rhythmus. Zu vielen von Veldink interpretierten Titeln lieferte er selbst Anekdoten und Hintergrundinfos, etwa zu \u201eI\u2019m Dreaming of a White Christmas\u201c, weltber\u00fchmt durch die Interpretation von Bing Crosby, weniger bekannt dagegen wohl, dass dieser Titel von Irving Berlin komponiert wurde, der, aus verarmter j\u00fcdischer Einwandererfamilie stammend, sich schon als Schulkind in New York seinen Lebensunterhalt selbst verdiente und sich in den Bars der Stadt das Klavierspielen selbst beibrachte. Wie dieses Lied waren einige von Veldink interpretierten Titel eher f\u00fcr Bassstimmen ausgelegt, so auch \u201eWhat a Wonderful World\u201c oder Leonard Cohens \u201eHallelujah\u201c. Bei \u201eWhen you believe\u201c war Veldink mit seiner Tenorstimme dann wieder ganz in seinem angestammten Element.<\/p>\n<p>Quasi als Weihnachtsgeschichte in das Abendprogramm eingebaut wurde die Schilderung von Friedel Oelerink, die von ihrer Verehrung von Astrid Lindgren nicht nur als Kinderbuchautorin, sondern auch als Gegnerin der Pr\u00fcgelstrafe f\u00fcr Kinder sprach, eine Position, mit der Lindgren noch bei manchen aneckte, als sie 1978 den Friedenspreis des Deutschen Buchhandels erhielt. Oelerinks eindringlichem Vortrag schloss sich dann eine lange, stimmungsm\u00e4\u00dfig m\u00e4andernde instrumentale Darbietung von \u201eDona Nobis Pacem\u201c an, die wohl als sinnbildlich angesehen werden mag f\u00fcr den meist \u00e4u\u00dferst langwierigen Weg zu einem gelungenen Frieden in der Welt.<\/p>\n<p>Mehrere M\u00f6glichkeiten zum Mitsingen boten sich den Zuschauern auch, so stimmte das Publikum lauthals \u201eTochter Zion\u201c, \u201eO du fr\u00f6hliche\u201c und schlie\u00dflich \u201eStille Nacht, Heilige Nacht\u201c an, dessen Erstauff\u00fchrung sich \u00fcbrigens in diesem Jahr zum 200. Mal j\u00e4hrte. Zum Schluss dankte man Frau Hoogland wie zuvor vielen anderen f\u00fcr ihr unerm\u00fcdliches Engagement, das gelungene Ereignisse wie dieses erst m\u00f6glich mache.<\/p>\n<p>Grafschafter Nachrichten &#8211; 27.12.2018<\/p>\n","protected":false},"excerpt":{"rendered":"<p>Der Musikverein Uelsen begeisterte mit seinem Weihnachtsprogramm vor 900 Zuschauern in Emlichheim. Die gro\u00dfe Kuppel der evangelisch-altreformierten Kirche sorgte f\u00fcr eine beeindruckende Kulisse. Emlichheim Vor rund 900 Zuschauern \u2013 n\u00e4mlich denjenigen, die das Gl\u00fcck hatten, Tickets daf\u00fcr zu ergattern \u2013 spielte die Big Band des Musikvereins Uelsen unter der Leitung von Helga Hoogland am vergangenen<\/p>\n<p><a href=\"https:\/\/musikverein-uelsen.de\/wordpress\/2018\/12\/27\/perfekte-klaenge-vor-dem-fest-in-emlichheim\/\" class=\"more-link themebutton\">Read More<\/a><\/p>\n","protected":false},"author":2,"featured_media":0,"comment_status":"open","ping_status":"open","sticky":false,"template":"","format":"standard","meta":{"footnotes":""},"categories":[39],"tags":[],"class_list":["post-866","post","type-post","status-publish","format-standard","hentry","category-presse2018"],"_links":{"self":[{"href":"https:\/\/musikverein-uelsen.de\/wordpress\/wp-json\/wp\/v2\/posts\/866","targetHints":{"allow":["GET"]}}],"collection":[{"href":"https:\/\/musikverein-uelsen.de\/wordpress\/wp-json\/wp\/v2\/posts"}],"about":[{"href":"https:\/\/musikverein-uelsen.de\/wordpress\/wp-json\/wp\/v2\/types\/post"}],"author":[{"embeddable":true,"href":"https:\/\/musikverein-uelsen.de\/wordpress\/wp-json\/wp\/v2\/users\/2"}],"replies":[{"embeddable":true,"href":"https:\/\/musikverein-uelsen.de\/wordpress\/wp-json\/wp\/v2\/comments?post=866"}],"version-history":[{"count":4,"href":"https:\/\/musikverein-uelsen.de\/wordpress\/wp-json\/wp\/v2\/posts\/866\/revisions"}],"predecessor-version":[{"id":870,"href":"https:\/\/musikverein-uelsen.de\/wordpress\/wp-json\/wp\/v2\/posts\/866\/revisions\/870"}],"wp:attachment":[{"href":"https:\/\/musikverein-uelsen.de\/wordpress\/wp-json\/wp\/v2\/media?parent=866"}],"wp:term":[{"taxonomy":"category","embeddable":true,"href":"https:\/\/musikverein-uelsen.de\/wordpress\/wp-json\/wp\/v2\/categories?post=866"},{"taxonomy":"post_tag","embeddable":true,"href":"https:\/\/musikverein-uelsen.de\/wordpress\/wp-json\/wp\/v2\/tags?post=866"}],"curies":[{"name":"wp","href":"https:\/\/api.w.org\/{rel}","templated":true}]}}