{"id":591,"date":"2015-10-01T13:41:49","date_gmt":"2015-10-01T12:41:49","guid":{"rendered":"http:\/\/musikverein-uelsen.de\/wordpress\/?p=591"},"modified":"2017-10-07T13:47:51","modified_gmt":"2017-10-07T12:47:51","slug":"musikverein-uelsen-gibt-grosses-jubilaeumskonzert","status":"publish","type":"post","link":"https:\/\/musikverein-uelsen.de\/wordpress\/2015\/10\/01\/musikverein-uelsen-gibt-grosses-jubilaeumskonzert\/","title":{"rendered":"Musikverein Uelsen gibt gro\u00dfes Jubil\u00e4umskonzert"},"content":{"rendered":"<h2>Musikverein Uelsen gibt gro\u00dfes Jubil\u00e4umskonzert<\/h2>\n<p><b>Unter dem Motto \u201eZur\u00fcck in die Zukunft\u201c gibt der Musikverein Uelsen am 3. Oktober sein gro\u00dfes Jubil\u00e4umskonzert. Der Verein blickt auf 25 erfolgreiche Jahre zur\u00fcck. Das Konzert ist erwartungsgem\u00e4\u00df ausverkauft. <\/b><\/p>\n<p><i>Von Manfred M\u00fcnchow<\/i><\/p>\n<p>Uelsen. \u201eIch hatte vorher mit Blasmusik nicht allzu viel am Hut\u201c, sagt Helga Hoogland freim\u00fctig, wenn sie sich an die Gr\u00fcndungsphase des Musikvereins Uelsen im Jahr 1990 erinnert. Die studierte Instrumentalp\u00e4dagogin ist von der Gr\u00fcndung des Musikvereins bis heute ununterbrochen als Dirigentin f\u00fcr die musikalische Entwicklung des Orchesters verantwortlich.<\/p>\n<p>Als sie nach dem Studium die Chance bekommt, einen neuen Musikverein in Uelsen aufzubauen, ergreift sie die Chancen, die in dieser Aufgabe stecken. Aus den Anf\u00e4ngen mit 21 aktiven Musikern hat sich ein modernes Gro\u00dforchester mit \u00fcber 70 Musikbegeisterten Grafschaftern entwickelt, das bislang ohne die in Veldhausen wohnende Helga Hoogland nicht vorstellbar ist. Dabei hatte sie bei der \u00dcbernahme des Jobs zun\u00e4chst nur f\u00fcr f\u00fcnf Jahre geplant. \u201eWo geht es hin?\u201c, diese Frage konnte die Dirigentin vor 25 Jahren auf jeden Fall noch nicht beantworten.<\/p>\n<p>Wenn es so etwas wie ein Erfolgsrezept f\u00fcr den Musikverein gibt, dann geh\u00f6rt sicherlich die F\u00f6rderung junger Musiker aus der Region dazu. Sie f\u00fchrt dazu, dass die Laienmusiker bei ihren durchweg ausverkauften Konzerten nicht nur den richtigen Sound auf die B\u00fchne bringen, sondern auch mit der flotten Interpretation moderner St\u00fccke gegen das oftmals angestaubte Image der Blasmusik anspielen. So geh\u00f6ren unter anderem etwa St\u00fccke von Pink Floyd, Deep Purple und Queen zum Programm. Das verschafft dem Musikverein gerade auch bei Jugendlichen verst\u00e4rkt Geh\u00f6r. Helga Hoogland versucht, die Musiker f\u00fcr die erforderlichen Leistungen zu begeistern, denn sie ist sich in einem Punkt ganz sicher: \u201eDie Leute m\u00fcssen selber daf\u00fcr gl\u00fchen, damit es gut wird\u201c.<\/p>\n<p>Daf\u00fcr legen die Verantwortlichen des Musikvereins unter dem Vorsitz von Johann Epmann auch viel Wert darauf, dass verschiedene Projekte das Mitmachen im Orchester spannend machen. Dazu geh\u00f6ren in der R\u00fcckschau verschiedene Konzertreisen ins Ausland ebenso wie Projekte mit dem Lise-Meitner-Gymnasium und das Einspielen von CD\u2018s.<\/p>\n<p>Zum Tagebuch der Konzerte geh\u00f6ren unter anderem auch Auftritte auf dem Opernplatz in Hannover, bei der Er\u00f6ffnung der Vechtetalhalle in Emlichheim, beim Festival des Weltkindertheaters in Lingen, der Internationalen Touristikmesse im niederl\u00e4ndischen Utrecht, beim \u201eTag der Niedersachsen\u201c in Leer und bei der Er\u00f6ffnung des Autobahnkreuzes in Sch\u00fcttorf.<\/p>\n<p>\u201eWenn ihr nicht beim Sch\u00fctzenfest spielt, \u00fcberlebt ihr nicht.\u201c An diesen \u201eRatschlag\u201c aus der Gr\u00fcndungszeit k\u00f6nnen sich die Verantwortlichen des Musikvereins Uelsen noch gut erinnern. Dennoch hat man sich f\u00fcr einen anderen Weg entschieden. \u201eWir k\u00f6nnen auch einen Radetzky-Marsch spielen, aber andere Gruppen k\u00f6nnen das viel besser\u201c, sagt Helga Hoogland und verweist als Beispiel auf den \u201ehervorragenden Spielmannszug\u201c in Uelsen und stellt gleich klar, dass sich der Musikverein nicht selbst aufs Podest stellen will: \u201eWir machen uns nichts vor, wir sind keine Profis. Wir begeben uns auf eine musikalische Entdeckungsreise und wir haben riesigen Spa\u00df dabei.\u201c Und auch diese Herangehensweise tr\u00e4gt zum Erfolg der Musiker bei.<\/p>\n<p>Ein gro\u00dfes Jubil\u00e4umskonzert bringt der Musikverein am kommenden Sonnabend in der Vechtetalhalle in Emlichheim auf die B\u00fchne. F\u00fcr dieses Projekt ist eine Kooperation mit der B\u00fcrgergemeinschaft Emlichheim gebildet worden. \u201eZur\u00fcck in die Zukunft\u201c hei\u00dft das Motto, wenn die Musiker unter der Leitung von Helga Hoogland ab 20 Uhr ihr breites Repertoire erklingen lassen. Die Karten f\u00fcr dieses Konzert sind erwartungsgem\u00e4\u00df seit einiger Zeit ausverkauft.<\/p>\n<p>Das Motto hat der Science-Fiction-Film \u201eZur\u00fcck in die Zukunft\u201c geliefert. Die Konzertbesucher werden am Sonnabend mit auf eine Zeitreise genommen. Stationen dieser Reise sind einige Fixpunkte aus dem 25-j\u00e4hrigen Wirken des Musikvereins. Zu h\u00f6ren sein werden unter anderem gro\u00dfe Film- und Musicalkompositionen wie etwa aus \u201ePhantom der Oper\u201c, und Hits wie die \u201eBohemian Rhapsody\u201c von Queen sowie ein Elvis Arrangement. Dazu gibt es eine Lichtshow und passende Bilder auf der B\u00fchne.<\/p>\n<p>Ein Wiedersehen gibt es auf der Reise auch mit Grafschaftern, die eine besondere Beziehung zum Musikverein haben: Die Sopranistin Sarah Bouwers und der Tenor Gerald Geerink. \u201eSarah hatte ihren ersten gro\u00dfen Auftritt 1998 in der Vechtetalhalle zusammen mit dem Musikverein\u201c, erinnert sich Vorsitzender Epmann an das Solo \u201eCastle on cloud\u201c aus dem Musical \u201eLes Miserables\u201c. Heute ist Sarah Bouwers auf gro\u00dfen B\u00fchnen zu h\u00f6ren. Gerald Geerink studiert Gesang an der Hochschule f\u00fcr Musik in Berlin und wird genauso wie Gitarrist und Universit\u00e4tsdozent Jan-Olaf Rodt dem Konzert \u201enoch einmal mehr an Drive geben\u201c, verspricht Dirigentin Hoogland. <\/p>\n<p>Grafschafter Nachrichten &#8211; 01.10.2015<\/p>\n","protected":false},"excerpt":{"rendered":"<p>Musikverein Uelsen gibt gro\u00dfes Jubil\u00e4umskonzert Unter dem Motto \u201eZur\u00fcck in die Zukunft\u201c gibt der Musikverein Uelsen am 3. Oktober sein gro\u00dfes Jubil\u00e4umskonzert. Der Verein blickt auf 25 erfolgreiche Jahre zur\u00fcck. Das Konzert ist erwartungsgem\u00e4\u00df ausverkauft. Von Manfred M\u00fcnchow Uelsen. \u201eIch hatte vorher mit Blasmusik nicht allzu viel am Hut\u201c, sagt Helga Hoogland freim\u00fctig, wenn sie<\/p>\n<p><a href=\"https:\/\/musikverein-uelsen.de\/wordpress\/2015\/10\/01\/musikverein-uelsen-gibt-grosses-jubilaeumskonzert\/\" class=\"more-link themebutton\">Read More<\/a><\/p>\n","protected":false},"author":2,"featured_media":0,"comment_status":"open","ping_status":"open","sticky":false,"template":"","format":"standard","meta":{"footnotes":""},"categories":[6],"tags":[],"class_list":["post-591","post","type-post","status-publish","format-standard","hentry","category-presse2015"],"_links":{"self":[{"href":"https:\/\/musikverein-uelsen.de\/wordpress\/wp-json\/wp\/v2\/posts\/591","targetHints":{"allow":["GET"]}}],"collection":[{"href":"https:\/\/musikverein-uelsen.de\/wordpress\/wp-json\/wp\/v2\/posts"}],"about":[{"href":"https:\/\/musikverein-uelsen.de\/wordpress\/wp-json\/wp\/v2\/types\/post"}],"author":[{"embeddable":true,"href":"https:\/\/musikverein-uelsen.de\/wordpress\/wp-json\/wp\/v2\/users\/2"}],"replies":[{"embeddable":true,"href":"https:\/\/musikverein-uelsen.de\/wordpress\/wp-json\/wp\/v2\/comments?post=591"}],"version-history":[{"count":2,"href":"https:\/\/musikverein-uelsen.de\/wordpress\/wp-json\/wp\/v2\/posts\/591\/revisions"}],"predecessor-version":[{"id":595,"href":"https:\/\/musikverein-uelsen.de\/wordpress\/wp-json\/wp\/v2\/posts\/591\/revisions\/595"}],"wp:attachment":[{"href":"https:\/\/musikverein-uelsen.de\/wordpress\/wp-json\/wp\/v2\/media?parent=591"}],"wp:term":[{"taxonomy":"category","embeddable":true,"href":"https:\/\/musikverein-uelsen.de\/wordpress\/wp-json\/wp\/v2\/categories?post=591"},{"taxonomy":"post_tag","embeddable":true,"href":"https:\/\/musikverein-uelsen.de\/wordpress\/wp-json\/wp\/v2\/tags?post=591"}],"curies":[{"name":"wp","href":"https:\/\/api.w.org\/{rel}","templated":true}]}}