{"id":372,"date":"1990-10-05T11:52:34","date_gmt":"1990-10-05T10:52:34","guid":{"rendered":"http:\/\/musikverein-uelsen.de\/wordpress\/?p=372"},"modified":"2016-02-01T11:53:07","modified_gmt":"2016-02-01T10:53:07","slug":"musikverein-gibt-gruendungskonzert","status":"publish","type":"post","link":"https:\/\/musikverein-uelsen.de\/wordpress\/1990\/10\/05\/musikverein-gibt-gruendungskonzert\/","title":{"rendered":"Musikverein gibt Gr\u00fcndungskonzert"},"content":{"rendered":"<div id=\"pressetext\">\n<div id=\"NewsPostDetailContent\">\n<h2>Musikverein gibt Gr\u00fcndungskonzert<\/h2>\n<h4>Am kommenden Sonntag in Uelsen<\/h4>\n<p>FG &#8211; Uelsen. Der neue Musikverein Uelsen l\u00e4dt f\u00fcr den kommenden Sonntag, 7. Oktober, zu seinem Gr\u00fcndungskonzert ein. Es findet ab 17 Uhr im forum der Realschule Uelsen statt. Beim Musikverein handelt es sich, wie berichtet, um eine Gruppe von derzeit rund 26 Laien-Musiker, die im selbstst\u00e4ndigen Musikverein zur Bereicherung des kulturellen Lebens in der Gemeinde beitragen wollen. Betreut wird der Uelsener Musikverein von der Musikschule Niedergrafschaft im rahmen der &#8222;Kontaktstelle Musik&#8220; beim Landkreis Grafschaft Bentheim.<br \/>\nMitwirkende des Gr\u00fcndungskonzerts sind neben den Mitgliedern des Musikvereins unter Leitung von Helga Kronemeyer die &#8222;Grenzland-Musikanten&#8220; unter der Leitung von Gerd Hermes, das Blasorchester der Musikschule der Stadt Nordhorn unter Leitung von Dietmar Sp\u00e4the und der Jugendspielmannszug Uelsen unter Leitung von Eckard Mons. Ferner dabei ist die Jagdhornbl\u00e4sergruppe Niedergrafschaft unter Leitung von Kunibert Zirkel. Der Eintritt ist frei. Die Besucher erwartet ein buntes Programm mit popul\u00e4ren Melodien.<br \/>\nDas Echo auf die Bildung des Musikvereins im Fr\u00fchjahr dieses Jahres war nach Einsch\u00e4tzung der Initiatoren erfreulich gro\u00df. Nach wie vor k\u00f6nnen sich Jugendliche und Erwachsene melden, um in dem vorwiegend mit Blasinstrumenten best\u00fcckten Orchester mitzuwirken. F\u00fcr die musikalische Ausbildung sorgt die Niedergrafschafter Musikschule.<br \/>\nDas geschieht wiederum im Rahmen der &#8222;Kontaktstelle Musik&#8220;, einer ebenfalls noch relativ jungen Einrichtung, in der sich die drei Grafschafter Musikschulen zusammengefunden haben, um die Ausbildung von Laienmusikern au\u00dferhalb des regul\u00e4ren Schulbetriebs zu f\u00f6rdern. Musikgruppen aller Stilrichtungen k\u00f6nnen sich aungesprochen f\u00fchlen: Das Spektrum reicht vom kirchlichen Posaunen- oder GEsangschor bis zur volkst\u00fcmlichen Unterhaltungsband. Unter der Obhut der &#8222;Kontaktstelle&#8220; stehen unter anderem auch die &#8222;Grafschafter Musiktage&#8220; demn\u00e4chst im Kloster Frenswegen, die &#8222;Grafschafter Chortage&#8220; um Novermber in der Uelsener Jugendherberge und ein Rock- und Pop-Workshop im Neuenhauser Jugendtreff.<\/p>\n<p>Grafschafter Nachrichten vom 05.10.1990<\/p>\n<\/div>\n<\/div>\n","protected":false},"excerpt":{"rendered":"<p>Musikverein gibt Gr\u00fcndungskonzert Am kommenden Sonntag in Uelsen FG &#8211; Uelsen. Der neue Musikverein Uelsen l\u00e4dt f\u00fcr den kommenden Sonntag, 7. Oktober, zu seinem Gr\u00fcndungskonzert ein. Es findet ab 17 Uhr im forum der Realschule Uelsen statt. Beim Musikverein handelt es sich, wie berichtet, um eine Gruppe von derzeit rund 26 Laien-Musiker, die im selbstst\u00e4ndigen<\/p>\n<p><a href=\"https:\/\/musikverein-uelsen.de\/wordpress\/1990\/10\/05\/musikverein-gibt-gruendungskonzert\/\" class=\"more-link themebutton\">Read More<\/a><\/p>\n","protected":false},"author":2,"featured_media":0,"comment_status":"open","ping_status":"open","sticky":false,"template":"","format":"standard","meta":{"footnotes":""},"categories":[34],"tags":[],"class_list":["post-372","post","type-post","status-publish","format-standard","hentry","category-presse1990"],"_links":{"self":[{"href":"https:\/\/musikverein-uelsen.de\/wordpress\/wp-json\/wp\/v2\/posts\/372","targetHints":{"allow":["GET"]}}],"collection":[{"href":"https:\/\/musikverein-uelsen.de\/wordpress\/wp-json\/wp\/v2\/posts"}],"about":[{"href":"https:\/\/musikverein-uelsen.de\/wordpress\/wp-json\/wp\/v2\/types\/post"}],"author":[{"embeddable":true,"href":"https:\/\/musikverein-uelsen.de\/wordpress\/wp-json\/wp\/v2\/users\/2"}],"replies":[{"embeddable":true,"href":"https:\/\/musikverein-uelsen.de\/wordpress\/wp-json\/wp\/v2\/comments?post=372"}],"version-history":[{"count":1,"href":"https:\/\/musikverein-uelsen.de\/wordpress\/wp-json\/wp\/v2\/posts\/372\/revisions"}],"predecessor-version":[{"id":373,"href":"https:\/\/musikverein-uelsen.de\/wordpress\/wp-json\/wp\/v2\/posts\/372\/revisions\/373"}],"wp:attachment":[{"href":"https:\/\/musikverein-uelsen.de\/wordpress\/wp-json\/wp\/v2\/media?parent=372"}],"wp:term":[{"taxonomy":"category","embeddable":true,"href":"https:\/\/musikverein-uelsen.de\/wordpress\/wp-json\/wp\/v2\/categories?post=372"},{"taxonomy":"post_tag","embeddable":true,"href":"https:\/\/musikverein-uelsen.de\/wordpress\/wp-json\/wp\/v2\/tags?post=372"}],"curies":[{"name":"wp","href":"https:\/\/api.w.org\/{rel}","templated":true}]}}