{"id":368,"date":"1992-06-26T11:50:55","date_gmt":"1992-06-26T10:50:55","guid":{"rendered":"http:\/\/musikverein-uelsen.de\/wordpress\/?p=368"},"modified":"2016-02-01T11:51:24","modified_gmt":"2016-02-01T10:51:24","slug":"sommeranfang-mit-blaesern","status":"publish","type":"post","link":"https:\/\/musikverein-uelsen.de\/wordpress\/1992\/06\/26\/sommeranfang-mit-blaesern\/","title":{"rendered":"Sommeranfang mit Bl\u00e4sern"},"content":{"rendered":"<div id=\"pressetext\">\n<div id=\"NewsPostDetailContent\">\n<h2>Sommeranfang mit Bl\u00e4sern<\/h2>\n<h4>Der Musikverein Uelsen \u00fcberzeugte wieder einmal<\/h4>\n<p>J\u00f6rg Leune &#8211; Zu &#8222;Platzkonzerten&#8220; l\u00e4dt der VVV Uelsen zur Zeit ein. Dabei darf man nun nicht an Marschmusik auf hartem Steinpflaster denken. Vielmehr genossen die zahlreichen Zuh\u00f6rer am Sonntagnachmittag nicht nur den schattigen Rasenplatz um den Musikpavillon hinter dem Rathaus mit seinen sommergr\u00fcnen Ausblicken, sindern das Orchester des Musikvereins erfreute mit einem bunten Musikprogramm, das bei jungen und \u00e4ltere Besuchern gleich gut ankam. Auch M\u00e4rsche gab es zu h\u00f6ren, unter anderem einen fast swingenden &#8222;Alamo&#8220; von Sousa.<br \/>\nAber die M\u00e4rsche sind, wie Helga Hoogland in ihren Hinweisen zum rechten H\u00f6ren dem Publikum erkl\u00e4rte, nicht besonders beliebt bei den Bl\u00e4sern. Das verwundert nicht, denn da gibt es Besseres zu h\u00f6ren als den simplen Viervierteltakt. Der Klangreichtum der Formation mit Fl\u00f6ten, Oboen, Klarinetten, Saxophonen, Waldh\u00f6rnern, Trompeten, Tenorh\u00f6rnern, Posaunen, Tuba, Pauken und Drum-Set stellt eine mischung zwischen Bigband- und Blasorchesterklang dar und l\u00e4sst sich in vielf\u00e4ltiger Weise nutzen. So h\u00f6rte man nach den schon bekannten einleitenden &#8222;Acclamations&#8220; eine imagin\u00e4re Filmmusik &#8222;La Storia&#8220; im Stile Morricones, zu der die H\u00f6rer aufgefordert waren, sich ihren eigenen Film zu denken; aber auch die herrlich verr\u00fcckten &#8222;Simpsons&#8220; mit originellen Ger\u00e4uscheinlagen, ein Disney-Film-Medley, Popsongs, eine elegische Pavane in Blue und den unverw\u00fcstlichen &#8222;Original-Charleston&#8220; mit Washboards und der Dirigentin einmal nicht am Pult, sondern an der Hupe.<br \/>\nDas Orchester ist in seinen verschiedenen Klanggruppen immer ausgewogen und versteht sich gut auf dynamische Feinheiten. Wiederum beeindruckte die genaue Schlagtechnik von Helga Hoogland, die von den Spielern fast schon routiniert umgesetzt wurde. Kaum sp\u00fcrt man noch die gr\u00fcndliche Arbeit, die es braucht, einen solchen Klangk\u00f6rper, zu formen, so sehr \u00fcberwiegt die Spielfreude.<br \/>\nUnd dann war da noch Thorsten Harnitz. Wann gibt es das shcon in einem Blasorchester, dass gerade der Schlagzeuger so aufhorchen l\u00e4sst? Aber der junge Neuenhauser hat eben auch, von der hiesigen \u00d6ffentlichekeit fast unbemerkt, mit seinem Bruder zusammen vor kurzem den dritten Preis beim Bundeswettbewerb &#8222;Jugend musiziert&#8220; errungen. Der Msuikverein kann sich gewiss gl\u00fccklich sch\u00e4tzen, dieses neue Mitglied im R\u00fccken zu haben.<br \/>\nAm Sonntag zeigte sich das Orchester vom Pult wie vom Schlazeugpodium her in gleicher Weise inspiriert.<\/p>\n<p>Grafschafter Nachrichten vom\u00a026.06.1992<\/p>\n<\/div>\n<\/div>\n","protected":false},"excerpt":{"rendered":"<p>Sommeranfang mit Bl\u00e4sern Der Musikverein Uelsen \u00fcberzeugte wieder einmal J\u00f6rg Leune &#8211; Zu &#8222;Platzkonzerten&#8220; l\u00e4dt der VVV Uelsen zur Zeit ein. Dabei darf man nun nicht an Marschmusik auf hartem Steinpflaster denken. Vielmehr genossen die zahlreichen Zuh\u00f6rer am Sonntagnachmittag nicht nur den schattigen Rasenplatz um den Musikpavillon hinter dem Rathaus mit seinen sommergr\u00fcnen Ausblicken, sindern<\/p>\n<p><a href=\"https:\/\/musikverein-uelsen.de\/wordpress\/1992\/06\/26\/sommeranfang-mit-blaesern\/\" class=\"more-link themebutton\">Read More<\/a><\/p>\n","protected":false},"author":2,"featured_media":0,"comment_status":"open","ping_status":"open","sticky":false,"template":"","format":"standard","meta":{"footnotes":""},"categories":[32],"tags":[],"class_list":["post-368","post","type-post","status-publish","format-standard","hentry","category-presse1992"],"_links":{"self":[{"href":"https:\/\/musikverein-uelsen.de\/wordpress\/wp-json\/wp\/v2\/posts\/368","targetHints":{"allow":["GET"]}}],"collection":[{"href":"https:\/\/musikverein-uelsen.de\/wordpress\/wp-json\/wp\/v2\/posts"}],"about":[{"href":"https:\/\/musikverein-uelsen.de\/wordpress\/wp-json\/wp\/v2\/types\/post"}],"author":[{"embeddable":true,"href":"https:\/\/musikverein-uelsen.de\/wordpress\/wp-json\/wp\/v2\/users\/2"}],"replies":[{"embeddable":true,"href":"https:\/\/musikverein-uelsen.de\/wordpress\/wp-json\/wp\/v2\/comments?post=368"}],"version-history":[{"count":1,"href":"https:\/\/musikverein-uelsen.de\/wordpress\/wp-json\/wp\/v2\/posts\/368\/revisions"}],"predecessor-version":[{"id":369,"href":"https:\/\/musikverein-uelsen.de\/wordpress\/wp-json\/wp\/v2\/posts\/368\/revisions\/369"}],"wp:attachment":[{"href":"https:\/\/musikverein-uelsen.de\/wordpress\/wp-json\/wp\/v2\/media?parent=368"}],"wp:term":[{"taxonomy":"category","embeddable":true,"href":"https:\/\/musikverein-uelsen.de\/wordpress\/wp-json\/wp\/v2\/categories?post=368"},{"taxonomy":"post_tag","embeddable":true,"href":"https:\/\/musikverein-uelsen.de\/wordpress\/wp-json\/wp\/v2\/tags?post=368"}],"curies":[{"name":"wp","href":"https:\/\/api.w.org\/{rel}","templated":true}]}}