{"id":344,"date":"2000-11-02T11:39:22","date_gmt":"2000-11-02T10:39:22","guid":{"rendered":"http:\/\/musikverein-uelsen.de\/wordpress\/?p=344"},"modified":"2016-02-01T11:40:29","modified_gmt":"2016-02-01T10:40:29","slug":"orchester-praesentiert-neue-cd","status":"publish","type":"post","link":"https:\/\/musikverein-uelsen.de\/wordpress\/2000\/11\/02\/orchester-praesentiert-neue-cd\/","title":{"rendered":"Orchester pr\u00e4sentiert neue CD"},"content":{"rendered":"<div id=\"pressetext\">\n<div id=\"NewsPostDetailContent\">\n<h2>Orchester pr\u00e4sentiert neue CD<\/h2>\n<h4>Formation seit zehn Jahren aktiv \u2013 Konzert im M\u00e4rz<\/h4>\n<p>wf &#8211; Uelsen. Das Orchester der Niedergrafschaft pr\u00e4sentiert seine zweite CD. Sie wurde anl\u00e4sslich des zehnj\u00e4hrigen Bestehens aufgenommen und vor einigen Tagen B\u00fcrgermeister Bernd Wever und Gemeindedirektor Hermann Warrink \u00fcberreicht. Als Zeichen des Dankes f\u00fcr die bisherige Unterst\u00fctzung. Das sagten der Vorsitzende des Musikvereins Uelsen, Johann Epmann, und die Dirigentin, Helga Hoogland. B\u00fcrgermeister Wever lobte das musikalische Engagement der 116 Vereinsmitglieder, von denen 67 aktiv sind. Das Orchester kann auf zahlreiche Konzertveranstaltungen im In- und Ausland sowie auf die erfolgreiche Teilnahme an Festivals und Wettbewerben zur\u00fcckblicken. Am Sonnabend, 24. M\u00e4rz 2001, soll in der Aula der KGS Neuenhaus ein Jubil\u00e4umskonzert stattfinden. Karten halten die bekannten Verkaufsstellen bereit. Dort wird auch die neue CD mit dem Titel \u201eThe Best of an News\u201c zum Preis von 29,50 DM bereitgehalten.<\/p>\n<p>Grafschafter Nachrichten &#8211; November 2000<\/p>\n<\/div>\n<\/div>\n","protected":false},"excerpt":{"rendered":"<p>Orchester pr\u00e4sentiert neue CD Formation seit zehn Jahren aktiv \u2013 Konzert im M\u00e4rz wf &#8211; Uelsen. Das Orchester der Niedergrafschaft pr\u00e4sentiert seine zweite CD. Sie wurde anl\u00e4sslich des zehnj\u00e4hrigen Bestehens aufgenommen und vor einigen Tagen B\u00fcrgermeister Bernd Wever und Gemeindedirektor Hermann Warrink \u00fcberreicht. Als Zeichen des Dankes f\u00fcr die bisherige Unterst\u00fctzung. Das sagten der Vorsitzende<\/p>\n<p><a href=\"https:\/\/musikverein-uelsen.de\/wordpress\/2000\/11\/02\/orchester-praesentiert-neue-cd\/\" class=\"more-link themebutton\">Read More<\/a><\/p>\n","protected":false},"author":2,"featured_media":0,"comment_status":"open","ping_status":"open","sticky":false,"template":"","format":"standard","meta":{"footnotes":""},"categories":[24],"tags":[],"class_list":["post-344","post","type-post","status-publish","format-standard","hentry","category-presse2000"],"_links":{"self":[{"href":"https:\/\/musikverein-uelsen.de\/wordpress\/wp-json\/wp\/v2\/posts\/344","targetHints":{"allow":["GET"]}}],"collection":[{"href":"https:\/\/musikverein-uelsen.de\/wordpress\/wp-json\/wp\/v2\/posts"}],"about":[{"href":"https:\/\/musikverein-uelsen.de\/wordpress\/wp-json\/wp\/v2\/types\/post"}],"author":[{"embeddable":true,"href":"https:\/\/musikverein-uelsen.de\/wordpress\/wp-json\/wp\/v2\/users\/2"}],"replies":[{"embeddable":true,"href":"https:\/\/musikverein-uelsen.de\/wordpress\/wp-json\/wp\/v2\/comments?post=344"}],"version-history":[{"count":1,"href":"https:\/\/musikverein-uelsen.de\/wordpress\/wp-json\/wp\/v2\/posts\/344\/revisions"}],"predecessor-version":[{"id":345,"href":"https:\/\/musikverein-uelsen.de\/wordpress\/wp-json\/wp\/v2\/posts\/344\/revisions\/345"}],"wp:attachment":[{"href":"https:\/\/musikverein-uelsen.de\/wordpress\/wp-json\/wp\/v2\/media?parent=344"}],"wp:term":[{"taxonomy":"category","embeddable":true,"href":"https:\/\/musikverein-uelsen.de\/wordpress\/wp-json\/wp\/v2\/categories?post=344"},{"taxonomy":"post_tag","embeddable":true,"href":"https:\/\/musikverein-uelsen.de\/wordpress\/wp-json\/wp\/v2\/tags?post=344"}],"curies":[{"name":"wp","href":"https:\/\/api.w.org\/{rel}","templated":true}]}}