{"id":330,"date":"2004-07-01T11:32:45","date_gmt":"2004-07-01T10:32:45","guid":{"rendered":"http:\/\/musikverein-uelsen.de\/wordpress\/?p=330"},"modified":"2016-02-01T11:33:07","modified_gmt":"2016-02-01T10:33:07","slug":"musikverein-uelsen-konzertierte-in-prag","status":"publish","type":"post","link":"https:\/\/musikverein-uelsen.de\/wordpress\/2004\/07\/01\/musikverein-uelsen-konzertierte-in-prag\/","title":{"rendered":"Musikverein Uelsen konzertierte in Prag"},"content":{"rendered":"<div id=\"pressetext\">\n<div id=\"NewsPostDetailContent\">\n<h2>Musikverein Uelsen konzertierte in Prag<\/h2>\n<h4>Orchester p\u00fcnktlich zur EU-Erweiterung in Tschechien<\/h4>\n<p>49 Musikerinnen und Musiker des Musikvereins Uelsen im Alter von 12 bis 64 Jahren machten sich \u00fcber Himmelfahrt unter der Leitung von Helga Hoogland zu einer 5-t\u00e4gigen Reise in die Hauptstadt Tschechiens auf.<br \/>\nNeben der Probenarbeit in einer tschechischen Schule, eines umfangreichen kulturellen Programms sowie des Besuchs der Gedenkst\u00e4dte in Theresienstadt bildete das zweist\u00fcndige Konzert auf dem Altst\u00e4dter Ring im Zentrum Prags vor mehreren tausend Zuh\u00f6rern aus aller Welt den H\u00f6hepunkt der Reise. W\u00e4hrend es sonst die Astronomische Uhr ist, die die Menschenmassen zu jeder vollen Stunde mit dem Erscheinen der 12 Apostel lockt, so war es nun der Sound des Orchesters der Niedergrafschaft mit seinem\u00a0 abwechslungsreichen Programm, dem die Zuh\u00f6rer sich nicht entziehen konnten und sie vor dem Jan-Hus-Denkmal versammeln lie\u00df. Die Instrumente wurden erst nach mehreren Zugaben wieder eingepackt nachdem ein gro\u00dfes gemeinsames \u201eTequila\u201c mit den Zuh\u00f6rern zusammen den Abschluss bildete. Musik hat einmal mehr bewiesen, dass sie verbindet und keine Grenzen kennt.<\/p>\n<\/div>\n<\/div>\n","protected":false},"excerpt":{"rendered":"<p>Musikverein Uelsen konzertierte in Prag Orchester p\u00fcnktlich zur EU-Erweiterung in Tschechien 49 Musikerinnen und Musiker des Musikvereins Uelsen im Alter von 12 bis 64 Jahren machten sich \u00fcber Himmelfahrt unter der Leitung von Helga Hoogland zu einer 5-t\u00e4gigen Reise in die Hauptstadt Tschechiens auf. Neben der Probenarbeit in einer tschechischen Schule, eines umfangreichen kulturellen Programms<\/p>\n<p><a href=\"https:\/\/musikverein-uelsen.de\/wordpress\/2004\/07\/01\/musikverein-uelsen-konzertierte-in-prag\/\" class=\"more-link themebutton\">Read More<\/a><\/p>\n","protected":false},"author":2,"featured_media":0,"comment_status":"open","ping_status":"open","sticky":false,"template":"","format":"standard","meta":{"footnotes":""},"categories":[20],"tags":[],"class_list":["post-330","post","type-post","status-publish","format-standard","hentry","category-presse2004"],"_links":{"self":[{"href":"https:\/\/musikverein-uelsen.de\/wordpress\/wp-json\/wp\/v2\/posts\/330","targetHints":{"allow":["GET"]}}],"collection":[{"href":"https:\/\/musikverein-uelsen.de\/wordpress\/wp-json\/wp\/v2\/posts"}],"about":[{"href":"https:\/\/musikverein-uelsen.de\/wordpress\/wp-json\/wp\/v2\/types\/post"}],"author":[{"embeddable":true,"href":"https:\/\/musikverein-uelsen.de\/wordpress\/wp-json\/wp\/v2\/users\/2"}],"replies":[{"embeddable":true,"href":"https:\/\/musikverein-uelsen.de\/wordpress\/wp-json\/wp\/v2\/comments?post=330"}],"version-history":[{"count":1,"href":"https:\/\/musikverein-uelsen.de\/wordpress\/wp-json\/wp\/v2\/posts\/330\/revisions"}],"predecessor-version":[{"id":331,"href":"https:\/\/musikverein-uelsen.de\/wordpress\/wp-json\/wp\/v2\/posts\/330\/revisions\/331"}],"wp:attachment":[{"href":"https:\/\/musikverein-uelsen.de\/wordpress\/wp-json\/wp\/v2\/media?parent=330"}],"wp:term":[{"taxonomy":"category","embeddable":true,"href":"https:\/\/musikverein-uelsen.de\/wordpress\/wp-json\/wp\/v2\/categories?post=330"},{"taxonomy":"post_tag","embeddable":true,"href":"https:\/\/musikverein-uelsen.de\/wordpress\/wp-json\/wp\/v2\/tags?post=330"}],"curies":[{"name":"wp","href":"https:\/\/api.w.org\/{rel}","templated":true}]}}