{"id":306,"date":"2007-04-22T11:20:04","date_gmt":"2007-04-22T10:20:04","guid":{"rendered":"http:\/\/musikverein-uelsen.de\/wordpress\/?p=306"},"modified":"2016-02-01T11:20:44","modified_gmt":"2016-02-01T10:20:44","slug":"musikverein-uelsen-erweiterte-den-vorstand","status":"publish","type":"post","link":"https:\/\/musikverein-uelsen.de\/wordpress\/2007\/04\/22\/musikverein-uelsen-erweiterte-den-vorstand\/","title":{"rendered":"Musikverein Uelsen erweiterte den Vorstand"},"content":{"rendered":"<div id=\"pressetext\">\n<div id=\"NewsPostDetailContent\">\n<h2>Musikverein Uelsen erweiterte den Vorstand.<\/h2>\n<p>Insgesamt blickt der Vorstand des Musikvereins auf ein erfolgreiches Jahr 2006 zur\u00fcck. Insbesondere wurde der Auftakt und der Abschluss der 875-Jahrfeier Uelsens vom Orchester musikalisch begleitet. Dieses was neben den Sommerkonzerten im Kurpak Bad Bentheim und zum Saisonauftakt in uelsen sehr gelungen. Der Vorsitzende Johann Epmann berichtete, dass neben den Konzerten auch f\u00fcr die Gemeinschaft im Orchester viel angeboten wird. Neben den regelm\u00e4\u00dfigen Orchesterfahrten (2006 K\u00f6ln und 2007 Berlin) mit Musicalbesuchen leistet der Musikverein nicht nur f\u00fcr den Bereich der Gemeinde Uelsen, sondern f\u00fcr die gesamte Niedergrafschaft einen wichtigen Beitrag im Rahmen kultureller Jugendarbeit. Bei den Neuwahlen wurde der komplette Vorstand einstimmig wiedergew\u00e4hlt und mit Mira Mensink und Friedel Oelerink erweitert. Die Aktivit\u00e4ten des Musikvereins Uelsen sind auch auf der vereinseigenen Homepage unter www.musikverein-uelsen.de zu finden. Der aktuelle Vorstand von links Dirk Jacobs, Helga Hoogland, Teun den Toom, Bettina Schl\u00fcter, Johann Epmann, Friedel Oelerink, Henning Baumann, Mira Mensink, Jan Gelsmann-Kaspers, Anita J\u00fcngerink (es fehlt Hermann Z\u00fcwering).<\/p>\n<p><img loading=\"lazy\" decoding=\"async\" title=\"Vorstand07a.JPG\" src=\"http:\/\/www.musikverein-uelsen.de\/uploads\/images\/Vorstand07a.JPG\" alt=\"Vorstand07a.JPG\" width=\"550\" height=\"412\" \/><br \/>\nGrafschafter Wochenblatt &#8211; 22.04.2007<\/p>\n<\/div>\n<\/div>\n","protected":false},"excerpt":{"rendered":"<p>Musikverein Uelsen erweiterte den Vorstand. Insgesamt blickt der Vorstand des Musikvereins auf ein erfolgreiches Jahr 2006 zur\u00fcck. Insbesondere wurde der Auftakt und der Abschluss der 875-Jahrfeier Uelsens vom Orchester musikalisch begleitet. Dieses was neben den Sommerkonzerten im Kurpak Bad Bentheim und zum Saisonauftakt in uelsen sehr gelungen. Der Vorsitzende Johann Epmann berichtete, dass neben den<\/p>\n<p><a href=\"https:\/\/musikverein-uelsen.de\/wordpress\/2007\/04\/22\/musikverein-uelsen-erweiterte-den-vorstand\/\" class=\"more-link themebutton\">Read More<\/a><\/p>\n","protected":false},"author":2,"featured_media":0,"comment_status":"open","ping_status":"open","sticky":false,"template":"","format":"standard","meta":{"footnotes":""},"categories":[17],"tags":[],"class_list":["post-306","post","type-post","status-publish","format-standard","hentry","category-presse2007"],"_links":{"self":[{"href":"https:\/\/musikverein-uelsen.de\/wordpress\/wp-json\/wp\/v2\/posts\/306","targetHints":{"allow":["GET"]}}],"collection":[{"href":"https:\/\/musikverein-uelsen.de\/wordpress\/wp-json\/wp\/v2\/posts"}],"about":[{"href":"https:\/\/musikverein-uelsen.de\/wordpress\/wp-json\/wp\/v2\/types\/post"}],"author":[{"embeddable":true,"href":"https:\/\/musikverein-uelsen.de\/wordpress\/wp-json\/wp\/v2\/users\/2"}],"replies":[{"embeddable":true,"href":"https:\/\/musikverein-uelsen.de\/wordpress\/wp-json\/wp\/v2\/comments?post=306"}],"version-history":[{"count":1,"href":"https:\/\/musikverein-uelsen.de\/wordpress\/wp-json\/wp\/v2\/posts\/306\/revisions"}],"predecessor-version":[{"id":307,"href":"https:\/\/musikverein-uelsen.de\/wordpress\/wp-json\/wp\/v2\/posts\/306\/revisions\/307"}],"wp:attachment":[{"href":"https:\/\/musikverein-uelsen.de\/wordpress\/wp-json\/wp\/v2\/media?parent=306"}],"wp:term":[{"taxonomy":"category","embeddable":true,"href":"https:\/\/musikverein-uelsen.de\/wordpress\/wp-json\/wp\/v2\/categories?post=306"},{"taxonomy":"post_tag","embeddable":true,"href":"https:\/\/musikverein-uelsen.de\/wordpress\/wp-json\/wp\/v2\/tags?post=306"}],"curies":[{"name":"wp","href":"https:\/\/api.w.org\/{rel}","templated":true}]}}