{"id":272,"date":"2011-12-20T10:25:08","date_gmt":"2011-12-20T09:25:08","guid":{"rendered":"http:\/\/musikverein-uelsen.de\/wordpress\/?p=272"},"modified":"2016-02-01T10:25:52","modified_gmt":"2016-02-01T09:25:52","slug":"gospelchor-und-musikverein-in-produktiver-gemeinsamkeit","status":"publish","type":"post","link":"https:\/\/musikverein-uelsen.de\/wordpress\/2011\/12\/20\/gospelchor-und-musikverein-in-produktiver-gemeinsamkeit\/","title":{"rendered":"Gospelchor und Musikverein in produktiver Gemeinsamkeit"},"content":{"rendered":"<div id=\"pressetext\">\n<div id=\"NewsPostDetailContent\">\n<h2>Gospelchor und Musikverein in produktiver Gemeinsamkeit<\/h2>\n<h4>1000 Besucher bei Weihnachtskonzert in Emlichheim<\/h4>\n<p><b>gn Emlichheim.<\/b> Zu seinem traditionellen Konzert am Vorabend des vierten Advent hatte erneut das Blasorchester des Musikvereins Uelsen unter der Leitung von Helga Hoogland in die Emlichheimer altreformierte Kirche eingeladen. Der erste Vorsitzende des Musikvereins, Johann Epmann, konnte zu Beginn ein treues Stammpublikum begr\u00fc\u00dfen, das auch in diesem Jahr so zahlreich kam, dass in dem gro\u00dfen Kirchenraum mit seinen mehr als 1000 Pl\u00e4tzen noch zus\u00e4tzliche St\u00fchle herbeigeschafft werden mussten.<\/p>\n<p>Die Erwartungen an ein erneutes Konzerterlebnis mit der popul\u00e4ren Musik, die die Musikfreunde an dem Blasorchester aus Uelsen so sehr sch\u00e4tzen, waren hochgespannt. Der Tradition entsprechend hatte sich das Orchester des Musikvereins wieder als Gast ein Vokalensemble eingeladen: Das waren in diesem Jahr die 40 S\u00e4ngerinnen des Gospelchors \u201eFree Spirit\u201c aus Emden unter der Leitung von Birgit Zuther-Hindriksen, der f\u00fcr den Musikverein ein absolut ad\u00e4quater Partner war und, nach den Reaktionen des Publikums zu urteilen, an diesem Abend immer wieder die besonderen Akzente zu setzen wusste.<\/p>\n<p>Sein austarierter Chorklang, seine versierte Stimmtechnik in den Nuancen der Klangfarbe und im Wechsel der Stimmregister, vor allem aber die Dynamik seiner enormen, dennoch geb\u00e4ndigten Stimm- und Gestaltungskraft brachten einen Sound hervor, der das anf\u00e4ngliche Versprechen einer \u201emodern gospel music\u201c ganz und gar einzul\u00f6sen wusste. Vor allem der Wechselgesang zwischen dem Chor und seinen aus ihm heraustretenden Solistinnen war nicht nur musikalisch von reizvoller Lebendigkeit, sondern bedeutete auch eine deklamatorische Wirkung im Dienste des Textes. In Verbindung mit seiner losgelassenen B\u00fchnenpr\u00e4senz und der Performance, die er hinlegte, inspirierte er das Publikum zu rhythmischer Bewegung und riss es in der Abschluss-Nummer \u201eThank you Lord\u201c buchst\u00e4blich von den Sitzen.<\/p>\n<p>Das Orchester des Musikvereins \u00fcberzeugte erneut durch den Eindruck klanglicher und rhythmischer Geschlossenheit, durch die gleichm\u00e4\u00dfig gute Besetzung in den Stimm- und Instrumentengruppen und durch seine sorgf\u00e4ltige Umsetzung der Vorgaben seiner Dirigentin in Takt und Tempo. Auf seinem Programm standen bekannte Melodien aus der Winter- und Weihnachtszeit in modernen Arrangements, die vom Publikum durchweg mit Beifall bedacht wurden.<\/p>\n<p>Auf besondere Resonanz stie\u00dfen der f\u00fcr Orchester arrangierte, seit Frank Sinatra und Pat Boone unsterbliche Ohrwurm \u201eWinter Wonderland\u201c und der Kanon \u201eDona nobis pacem\u201c, der in dem freien Arrangement von Thomas Doss die einzelnen Instrumentengruppen wie in einem Kanon nacheinander zum solistischen Einsatz kommen lie\u00df, um sich dann in gro\u00dfem Gesamtklang zusammenzufinden. Den besinnlichen Ruhepunkt in der Mitte des Programms bildete wie in jedem Jahr Friedel Oelerink mit einer gekonnt vorgetragenen Geschichte \u2013 diesmal \u00fcber die Bedeutung des Gebets in unserer Zeit. Zum Schluss gro\u00dfer Applaus, Blumen und Dankesworte f\u00fcr Gospelchor und Blasorchester und ihre beiden Dirigentinnen.<\/p>\n<p><b>Grafschafter Nachrichten &#8211; 20.12.2011<\/b><\/p>\n<\/div>\n<\/div>\n","protected":false},"excerpt":{"rendered":"<p>Gospelchor und Musikverein in produktiver Gemeinsamkeit 1000 Besucher bei Weihnachtskonzert in Emlichheim gn Emlichheim. Zu seinem traditionellen Konzert am Vorabend des vierten Advent hatte erneut das Blasorchester des Musikvereins Uelsen unter der Leitung von Helga Hoogland in die Emlichheimer altreformierte Kirche eingeladen. Der erste Vorsitzende des Musikvereins, Johann Epmann, konnte zu Beginn ein treues Stammpublikum<\/p>\n<p><a href=\"https:\/\/musikverein-uelsen.de\/wordpress\/2011\/12\/20\/gospelchor-und-musikverein-in-produktiver-gemeinsamkeit\/\" class=\"more-link themebutton\">Read More<\/a><\/p>\n","protected":false},"author":2,"featured_media":0,"comment_status":"open","ping_status":"open","sticky":false,"template":"","format":"standard","meta":{"footnotes":""},"categories":[13],"tags":[],"class_list":["post-272","post","type-post","status-publish","format-standard","hentry","category-presse2011"],"_links":{"self":[{"href":"https:\/\/musikverein-uelsen.de\/wordpress\/wp-json\/wp\/v2\/posts\/272","targetHints":{"allow":["GET"]}}],"collection":[{"href":"https:\/\/musikverein-uelsen.de\/wordpress\/wp-json\/wp\/v2\/posts"}],"about":[{"href":"https:\/\/musikverein-uelsen.de\/wordpress\/wp-json\/wp\/v2\/types\/post"}],"author":[{"embeddable":true,"href":"https:\/\/musikverein-uelsen.de\/wordpress\/wp-json\/wp\/v2\/users\/2"}],"replies":[{"embeddable":true,"href":"https:\/\/musikverein-uelsen.de\/wordpress\/wp-json\/wp\/v2\/comments?post=272"}],"version-history":[{"count":1,"href":"https:\/\/musikverein-uelsen.de\/wordpress\/wp-json\/wp\/v2\/posts\/272\/revisions"}],"predecessor-version":[{"id":273,"href":"https:\/\/musikverein-uelsen.de\/wordpress\/wp-json\/wp\/v2\/posts\/272\/revisions\/273"}],"wp:attachment":[{"href":"https:\/\/musikverein-uelsen.de\/wordpress\/wp-json\/wp\/v2\/media?parent=272"}],"wp:term":[{"taxonomy":"category","embeddable":true,"href":"https:\/\/musikverein-uelsen.de\/wordpress\/wp-json\/wp\/v2\/categories?post=272"},{"taxonomy":"post_tag","embeddable":true,"href":"https:\/\/musikverein-uelsen.de\/wordpress\/wp-json\/wp\/v2\/tags?post=272"}],"curies":[{"name":"wp","href":"https:\/\/api.w.org\/{rel}","templated":true}]}}