{"id":270,"date":"2012-07-11T10:24:12","date_gmt":"2012-07-11T09:24:12","guid":{"rendered":"http:\/\/musikverein-uelsen.de\/wordpress\/?p=270"},"modified":"2016-02-01T10:24:43","modified_gmt":"2016-02-01T09:24:43","slug":"ein-gutes-jahr-fuer-musikverein","status":"publish","type":"post","link":"https:\/\/musikverein-uelsen.de\/wordpress\/2012\/07\/11\/ein-gutes-jahr-fuer-musikverein\/","title":{"rendered":"Ein gutes Jahr f\u00fcr Musikverein"},"content":{"rendered":"<div id=\"pressetext\">\n<div id=\"NewsPostDetailContent\">\n<h2>Ein gutes Jahr f\u00fcr Musikverein<\/h2>\n<h4>Uelsener freuen sich \u00fcber positive Entwicklung bei Aktiven<\/h4>\n<p><b>gn Uelsen.<\/b> Umfangreiche Neuformulierungen der Satzung standen im Mittelpunkt der diesj\u00e4hrigen Generalversammlung des Musikverein Uelsen. Obwohl keine Neuwahlen des Vorstandes anstanden war die Generalversammlung sehr gut besucht. So war im Konferenzraum des Waldbadhotels in Uelsen kein Platz mehr frei als der Vorsitzende Johann Epmann das vergangene Jahr Revue passieren lie\u00df.<\/p>\n<p>Zwei Benefizkonzerte zugunsten der Kinderkrebshilfe M\u00fcnster zusammen mit dem Chor JaPoRoGo in der alten Weberei Nordhorn brachten die Summe von exakt 12777,77 Euro-Spende ein. Auch die Auftritte bei der dritten Uelsener Musiknacht, beim Saisonauftakt in Uelsen und beim Kurparkkonzert Bad Bentheim waren sehr gut besucht. Das Orchester war bei jedem Auftritt mit mehr als 55 Aktiven vertreten. Ein weiterer H\u00f6hepunkt und zugleich Jahresabschluss war das Weihnachtskonzert in der altreformierten Kirche in Emlichheim. Gemeinsam mit dem Gospelchor \u201eFree Spirit\u201c aus Emden verzauberte das Orchester die Zuh\u00f6rer in der bis auf den letzten Platz besetzten Kirche. Stehende Ovationen waren der Lohn f\u00fcr ein stimmungsvolles Konzert auf hohem Niveau.<\/p>\n<p>\u201eF\u00fcr 2012 stehen Neuanschaffungen in der Schlagzeugabteilung an\u201c, erkl\u00e4rte der Vorstand. Nachdem 2011 der Probenraum renoviert worden ist, soll nun eine gro\u00dfe Konzerttrommel gekauft werden. Und hochwertige Kesselpauken sollen die altgedienten Instrumente abl\u00f6sen. Die finanziellen Voraussetzungen hierf\u00fcr sind gelegt, wie der Kassenbericht ergab. Auch bei der Zahl der aktiven Mitglieder gab es im Jahr 2011 eine positive Entwicklung. Den neun Zug\u00e4ngen bei den aktiven Musikern standen sieben Abg\u00e4nge wegen beginnenden Studiums gegen\u00fcber. Die musikalische Leistung der Musiker sei weiterhin \u00fcberaus positiv, erkl\u00e4rte Anita J\u00fcngering.<\/p>\n<p>Trotzdem geh\u00f6ren die Nachwuchsausbildung und musikalische Weiterbildung von interessierten Musikern zu den weiterhin wichtigen Aufgaben, die zu leisten sind, ist man sich beim Musikverein sicher. So werden weiter verschiedene Projekte verfolgt. Einstimmig wurde durch die Versammlung der Neuformulierung der Satzung und der Beitragsordnung des Vereins zugestimmt. Anschlie\u00dfend wurden neun Musiker f\u00fcr zehnj\u00e4hrige aktive Mitgliedschaft im Verein geehrt.<\/p>\n<p>Grafschafter Nachrichten &#8211; 11.07.2012<\/p>\n<\/div>\n<\/div>\n","protected":false},"excerpt":{"rendered":"<p>Ein gutes Jahr f\u00fcr Musikverein Uelsener freuen sich \u00fcber positive Entwicklung bei Aktiven gn Uelsen. Umfangreiche Neuformulierungen der Satzung standen im Mittelpunkt der diesj\u00e4hrigen Generalversammlung des Musikverein Uelsen. Obwohl keine Neuwahlen des Vorstandes anstanden war die Generalversammlung sehr gut besucht. So war im Konferenzraum des Waldbadhotels in Uelsen kein Platz mehr frei als der Vorsitzende<\/p>\n<p><a href=\"https:\/\/musikverein-uelsen.de\/wordpress\/2012\/07\/11\/ein-gutes-jahr-fuer-musikverein\/\" class=\"more-link themebutton\">Read More<\/a><\/p>\n","protected":false},"author":2,"featured_media":0,"comment_status":"open","ping_status":"open","sticky":false,"template":"","format":"standard","meta":{"footnotes":""},"categories":[12],"tags":[],"class_list":["post-270","post","type-post","status-publish","format-standard","hentry","category-presse2012"],"_links":{"self":[{"href":"https:\/\/musikverein-uelsen.de\/wordpress\/wp-json\/wp\/v2\/posts\/270","targetHints":{"allow":["GET"]}}],"collection":[{"href":"https:\/\/musikverein-uelsen.de\/wordpress\/wp-json\/wp\/v2\/posts"}],"about":[{"href":"https:\/\/musikverein-uelsen.de\/wordpress\/wp-json\/wp\/v2\/types\/post"}],"author":[{"embeddable":true,"href":"https:\/\/musikverein-uelsen.de\/wordpress\/wp-json\/wp\/v2\/users\/2"}],"replies":[{"embeddable":true,"href":"https:\/\/musikverein-uelsen.de\/wordpress\/wp-json\/wp\/v2\/comments?post=270"}],"version-history":[{"count":1,"href":"https:\/\/musikverein-uelsen.de\/wordpress\/wp-json\/wp\/v2\/posts\/270\/revisions"}],"predecessor-version":[{"id":271,"href":"https:\/\/musikverein-uelsen.de\/wordpress\/wp-json\/wp\/v2\/posts\/270\/revisions\/271"}],"wp:attachment":[{"href":"https:\/\/musikverein-uelsen.de\/wordpress\/wp-json\/wp\/v2\/media?parent=270"}],"wp:term":[{"taxonomy":"category","embeddable":true,"href":"https:\/\/musikverein-uelsen.de\/wordpress\/wp-json\/wp\/v2\/categories?post=270"},{"taxonomy":"post_tag","embeddable":true,"href":"https:\/\/musikverein-uelsen.de\/wordpress\/wp-json\/wp\/v2\/tags?post=270"}],"curies":[{"name":"wp","href":"https:\/\/api.w.org\/{rel}","templated":true}]}}