{"id":262,"date":"2013-09-23T09:52:48","date_gmt":"2013-09-23T08:52:48","guid":{"rendered":"http:\/\/musikverein-uelsen.de\/wordpress\/?p=262"},"modified":"2016-02-01T09:53:18","modified_gmt":"2016-02-01T08:53:18","slug":"grosses-spektakel-in-der-reithalle","status":"publish","type":"post","link":"https:\/\/musikverein-uelsen.de\/wordpress\/2013\/09\/23\/grosses-spektakel-in-der-reithalle\/","title":{"rendered":"Gro\u00dfes Spektakel in der Reithalle"},"content":{"rendered":"<h2>Gro\u00dfes Spektakel in der Reithalle<\/h2>\n<h4>Musikverein Uelsen gibt sein \u201eHeimspiel\u201c vor rund 850 begeisterten Zuschauern<\/h4>\n<p>Fast ein ganzes Jahr an Planung, mehrere Tage der technischen Ausrichtung der B\u00fchne hat es gekostet, bis alles f\u00fcr das musikalische Spektakel zum Sommerausklang bereit war: Die rund 850 zahlenden G\u00e4ste des Musikvereins Uelsen kamen am Sonnabend bei der Begutachtung des Ergebnisses in der Reithalle voll auf ihre Kosten.<\/p>\n<p><b>Von Marcus Pfeifer &#8211; Uelsen.<\/b> In der Montur des Jack Sparrow, dem Helden des zumindest bei der Jugend allseits bekannten Kinovierteilers \u201eFluch der Karibik\u201c, stellte Wolfgang K\u00f6sters, normalerweise Hallensprecher der HSG Nordhorn-Lingen, auf gelungen humoristische Weise das abendliche Programm vor. Was die Beitr\u00e4ge der Big Band des Musikvereins betraf, standen sie im Zeichen einer R\u00fcckschau auf gro\u00dfe Kinomomente und Musicalhighlights der vergangenen Jahrzehnte.<\/p>\n<p>Neben einem Potpourri mit Melodien jenes komischen Piratenepos gab es Reminiszenzen an den in der gruseligen Comic-Stadt Gotham City angesiedelten Kultklassiker \u201eBatman\u201c, an den Actionthriller \u201eThe Rock\u201c, an das Musical \u201eK\u00f6nig der L\u00f6wen\u201c sowie den erfolgreichsten Film aller Zeiten, das Science-Fiction-Epos \u201eAvatar\u201c. Die jeweils etwa f\u00fcnf- bis achtmin\u00fctigen Medleys boten immer einen gelungenen Einblick in die musikalische Untermalung der jeweiligen Filme. Visuelle H\u00f6hepunkte der jeweiligen Filme lie\u00df man w\u00e4hrend einer zeitgleich pr\u00e4sentierten Diashow Revue passieren.<\/p>\n<p>Naturgem\u00e4\u00df standen meist die dramatischen musikalischen Sequenzen aus spannungsgeladenen Szenen der Filme im Vordergrund, die zu einer Big Band am besten passen, sodass dann nahezu alle Instrumente, von den verschiedenen Blechblasinstrumenten bis hin zur Percussion, voll zur Geltung kommen k\u00f6nnen. Aber es wurden auch besinnliche Melodien und Passagen gespielt, wie ja auch in Actionfilmen die dramatischsten Momente oftmals erst dadurch entstehen, dass sie mit eher subtilen Mitteln aufgebaut werden. Diese Spannungsb\u00f6gen wurden durch eine geschickt orchestrierte Lichtshow der Firma Pielage in Emsdetten visuell untermalt.<\/p>\n<p>Parallel zu diesem filmischen Leitmotiv des Abends wurden auch verschiedene Stilrichtungen der Unterhaltungsmusik vorgef\u00fchrt, so der Soul der Jackson Five mit Michael Jackson als Leads\u00e4nger, der Jazz oder die Popmusik der Siebziger Jahre anhand Songs der Gruppe Boney M. F\u00fcr diesen Boney M.-Gig schminkte sich Moderator Wolfgang K\u00f6sters extra und legte den Fummel des Bobby Farrell an, dem schwarzen m\u00e4nnlichen T\u00e4nzer der bekannten Popformation.<\/p>\n<p>Die insgesamt sanfteren T\u00f6ne des Abends wurden von Bianca Holthuis \u2013 sie interpretierte die Pophymne \u201eMusic\u201c von John Miles \u2013 und dem herausragenden Gesangssolisten Hendrik Veldink angestimmt, meist am Klavier begleitet von Gabor Klink-Spekker. Der Tenor Veldink hatte sich zum Beispiel mit Chansons von Charles Aznavour und Gilbert B\u00e9caud St\u00fccke von S\u00e4ngern ausgesucht, die eher ein oder zwei Stimmlagen tiefer singen, interpretierte diese Lieder aber kongenial und brillant auf seine Weise, kam etwa bei B\u00e9cauds \u201eEt maintenant\u201c mit Bravour auch stimmlich gut alleine gegen das gesamte Orchester an. Er \u00fcberzeugte auch ganz als Entertainer, als er ein einfaches Liebeslied auf Zuruf \u00fcberzeugend in jeder gew\u00fcnschten Sprache anstimmte, ob auf Holl\u00e4ndisch, Russisch, Platt, Schwyzerd\u00fctsch oder Japanisch.<\/p>\n<p>Das furiose Finale stellte eine Hommage an Herbert Gr\u00f6nemeyer dar, einen der erfolgreichsten deutschen Unterhaltungsmusiker, eingeleitet durch eine weitere Einlage von Wolfgang K\u00f6sters, der dabei nicht nur sein kom\u00f6diantisches, sondern auch sein durchaus beachtliches Talent als Stimmenimitator unter Beweis stellte.<\/p>\n<p>Zum Abschluss der Veranstaltung \u2013 wie schon w\u00e4hrend der Pause \u2013 unterhielt der M\u00fcnsteraner \u201eFeuermann\u201c Marcel Dubiel im Au\u00dfenbereich der Uelser Reithalle das Publikum mit einer professionellen Feuershow.<\/p>\n<p>Grafschafter Nachrichten &#8211; 23.09.2013<br \/>\n<b>Anmerkung Webmaster: <\/b><br \/>\nWenige Tage nach dem Erscheinen des Artikels, brachten die GN einen Nachtrag mit dem Hinweis, dass im Artikel die unserer Dirigentin Helga Hoogland v\u00f6llig unterschlagen wurde. Anliegender E-Mail-Verkehr folgte kurz Zeit sp\u00e4ter zwischen Helga und dem Verfasser des Artikels:<\/p>\n<p><i>Marcus Pfeifer schrieb:<br \/>\nSehr geehrte Frau Hoogland,<br \/>\nich hoffe, Ihnen hat der Artikel zum Konzert am Wochenende im Wesentlichen gefallen. Ich m\u00f6chte mich aber bei Ihnen aufrichtig daf\u00fcr entschuldigen, dieses Mal Ihren Namen an keiner Stelle erw\u00e4hnt zu haben, ein wahrhaft unverzeihlicher Fehler, der mir erst im Nachhinein aufgefallen ist.<br \/>\nMit freundlichem Gru\u00df, Marcus Pfeifer<\/p>\n<p>Helga Hoogland schrieb:<br \/>\nHallo Herr Pfeifer,<br \/>\nja das hat mich dann nat\u00fcrlich im Urlaub erreicht und ich war ziemlich entt\u00e4uscht und traurig.<br \/>\nMan fragt sich, wie kann das passieren? Was hast du blo\u00df falsch gemacht. Das ganze Konzept, die Musikauswahl, das Einstudieren, die Reihenfolge und der Regieplan&#8230;das hat sehr viel Kraft und Zeit gekostet. Ich h\u00e4tte Sie gernme hinterher noch kurz gesprochen, war aber erstmal mit anderen Dingen besch\u00e4ftigt, wie &#8222;DANKESAGEN&#8220; bei den G\u00e4sten und Visagistinnen usw&#8230;<br \/>\nAber das Konzert hat denke ich f\u00fcr sich gesprochen und ist noch lange in aller Munde. Es war das aufw\u00e4ndigste, was ich je gewagt habe und bin so froh dar\u00fcber, alle Beteiligten motiviert zu haben, dieses Experiment einzugehen. Es ist ein gro\u00dfer Artikel, der jetzt ohne meinen Namen in unsere Geschichte der Pressestimmen eingeht. Ich kann es kaum fassen.<br \/>\nIm Verzeihen bin ich ziemlich gut.Und das Gef\u00fchl der Entt\u00e4uschung wird langsam schw\u00e4cher.<br \/>\nNun geht es schon wieder auf das Weihnachtskonzert zu &#8211; das wird ganz normal und unspektakul\u00e4r, dem Anlass eben angemessen- auch wenn es wieder viele Passagen in den einzelnen Instrumentengruppen geben wird, die f\u00fcr Nicht-Profis eine echt tolle Leistung bedeuten. In diesem Punkt w\u00fcnsch ich mir so manches Mal etwas mehr Enthusiasmus und Begeisterung in der W\u00fcrdigung dessen, was unsere Leute da leisten- davon leben wir, motiviert zu werden durch Lob- wenn es angemessen ist nat\u00fcrlich. Das ist Ihnen im Artikel zum Weihnachtskonzert toll gelungen.<br \/>\nBeste Gr\u00fc\u00dfe,<br \/>\nHelga Hoogland<\/i><\/p>\n","protected":false},"excerpt":{"rendered":"<p>Gro\u00dfes Spektakel in der Reithalle Musikverein Uelsen gibt sein \u201eHeimspiel\u201c vor rund 850 begeisterten Zuschauern Fast ein ganzes Jahr an Planung, mehrere Tage der technischen Ausrichtung der B\u00fchne hat es gekostet, bis alles f\u00fcr das musikalische Spektakel zum Sommerausklang bereit war: Die rund 850 zahlenden G\u00e4ste des Musikvereins Uelsen kamen am Sonnabend bei der Begutachtung<\/p>\n<p><a href=\"https:\/\/musikverein-uelsen.de\/wordpress\/2013\/09\/23\/grosses-spektakel-in-der-reithalle\/\" class=\"more-link themebutton\">Read More<\/a><\/p>\n","protected":false},"author":2,"featured_media":0,"comment_status":"open","ping_status":"open","sticky":false,"template":"","format":"standard","meta":{"footnotes":""},"categories":[11],"tags":[],"class_list":["post-262","post","type-post","status-publish","format-standard","hentry","category-presse2013"],"_links":{"self":[{"href":"https:\/\/musikverein-uelsen.de\/wordpress\/wp-json\/wp\/v2\/posts\/262","targetHints":{"allow":["GET"]}}],"collection":[{"href":"https:\/\/musikverein-uelsen.de\/wordpress\/wp-json\/wp\/v2\/posts"}],"about":[{"href":"https:\/\/musikverein-uelsen.de\/wordpress\/wp-json\/wp\/v2\/types\/post"}],"author":[{"embeddable":true,"href":"https:\/\/musikverein-uelsen.de\/wordpress\/wp-json\/wp\/v2\/users\/2"}],"replies":[{"embeddable":true,"href":"https:\/\/musikverein-uelsen.de\/wordpress\/wp-json\/wp\/v2\/comments?post=262"}],"version-history":[{"count":1,"href":"https:\/\/musikverein-uelsen.de\/wordpress\/wp-json\/wp\/v2\/posts\/262\/revisions"}],"predecessor-version":[{"id":263,"href":"https:\/\/musikverein-uelsen.de\/wordpress\/wp-json\/wp\/v2\/posts\/262\/revisions\/263"}],"wp:attachment":[{"href":"https:\/\/musikverein-uelsen.de\/wordpress\/wp-json\/wp\/v2\/media?parent=262"}],"wp:term":[{"taxonomy":"category","embeddable":true,"href":"https:\/\/musikverein-uelsen.de\/wordpress\/wp-json\/wp\/v2\/categories?post=262"},{"taxonomy":"post_tag","embeddable":true,"href":"https:\/\/musikverein-uelsen.de\/wordpress\/wp-json\/wp\/v2\/tags?post=262"}],"curies":[{"name":"wp","href":"https:\/\/api.w.org\/{rel}","templated":true}]}}