{"id":260,"date":"2013-12-23T09:50:03","date_gmt":"2013-12-23T08:50:03","guid":{"rendered":"http:\/\/musikverein-uelsen.de\/wordpress\/?p=260"},"modified":"2016-02-01T09:50:33","modified_gmt":"2016-02-01T08:50:33","slug":"vorweihnachtlicher-beifallssturm","status":"publish","type":"post","link":"https:\/\/musikverein-uelsen.de\/wordpress\/2013\/12\/23\/vorweihnachtlicher-beifallssturm\/","title":{"rendered":"Vorweihnachtlicher Beifallssturm"},"content":{"rendered":"<div id=\"pressetext\">\n<div id=\"NewsPostDetailContent\">\n<h2>Vorweihnachtlicher Beifallssturm<\/h2>\n<h4>Musikverein Uelsen spielt vor 850 Zuschauern in Emlichheim<\/h4>\n<p>Von J\u00f6rg Leune<\/p>\n<p><b>Der Musikverein Uelsen hat mit seinem traditionellen Weihnachtskonzert in der altreformierten Kirche Emlichheim begeistert. Die Musiker unter der Leitung von Helga Hoogland erhielten am Sonnabend viel Applaus.<\/b><\/p>\n<p><b>Emlichheim\/Uelsen.<\/b> Zu den gro\u00dfen Dezember-Veranstaltungen geh\u00f6ren seit vielen Jahren Helga Hooglands Weihnachtskonzerte. In diesem Jahr war der Vorverkauf auf 850 Pl\u00e4tze beschr\u00e4nkt worden. Und so war das Konzert schon seit Wochen wieder ausverkauft. In musterg\u00fcltiger Organisationsarbeit hatten die Veranstalter die Platzierung vorgenommen. So war der erste Eindruck des Abends ein optischer. Nur ein Lichtband erhellte den Raum um die Orgel, auf dem die mehr als 70, vorwiegend jungen, Bl\u00e4ser Platz genommen hatten. Hinten links ein variabler Satz von f\u00fcnf Perkussionisten. Vorne rechts als besonderes Markenzeichen des derzeitigen Musikvereins Uelsen die tiefen Bl\u00e4ser: f\u00fcnf Tuben, drei Euphonien, eine H\u00f6rnergruppe, die Posaunen. In der Mitte die Trompeter, davor die Fl\u00f6ten, links die \u00fcbrigen Holzbl\u00e4ser. Am \u00e4u\u00dfersten rechten Rand der diesj\u00e4hrige Gastchor, der wei\u00dfgekleidete Emder Gospelchor \u201eFree Spirit\u201c unter Leitung von Birgit Zuther-Hindriksen.<br \/>\nWenn Helga Hoogland dann den Stab hebt zum Auftaktst\u00fcck \u201eMillenium\u201c von O.M. Schwarz, dann verwandelt sich unter ihrem gewohnt pr\u00e4zisen Dirigat das optische Bild in ein akustisches von h\u00f6chster Perfektion. Auf das einleitende Schlagwerk antworten die tiefen Bl\u00e4ser und entfalten ihr Thema, das wiederum von den Holzbl\u00e4sern weich abgefangen wird. In dieser anspruchsvollen symphonischen Fantasie zeigen sich bereits aufs Beste die Vorz\u00fcge des Musikvereins, die technischen Fertigkeiten der Instrumentalisten und die musikalische Durcharbeitung des Satzes.<br \/>\nGenauso \u00fcberzeugend dann der erste Auftritt des Chores, \u201eGod is able\u201c im Arrangement von Helmut Jost. Hier wie in den folgenden S\u00e4tzen \u00fcbernehmen immer wieder andere S\u00e4ngerinnen den Lead-Gesang, w\u00e4hrend der Chor in wundersch\u00f6n abgestimmter Weise respondiert.<br \/>\nUnd so geht es weiter im Wechsel der Ensembles durchs Programm, von den Zuh\u00f6rern mit immer neuen Beifallsst\u00fcrmen beantwortet. Gelegentlich erklingen Weihnachtsmelodien in ungew\u00f6hnlichen Arrangements, man kann innerlich mitsingen, w\u00e4hrend man den Bl\u00e4serfantasien lauscht.<br \/>\nBianca Holthuis trug zwei Sologes\u00e4nge zur Orchesterbegleitung vor, einmal ihr bekanntes \u201eMusic\u201c von John Miles und \u201eHave yourself a merry little Christmas\u201c von Martin und Blane. Ihre Stimme entfaltete sich in dem gro\u00dfen Klangk\u00f6rper besonders \u00fcberzeugend und wurde mit viel Beifall begr\u00fc\u00dft.<br \/>\nEinen lustigen und doch tiefsinnigen \u201eOchse und Esel. Ein Dialog\u201c trugen Fritz Baarlink und Friedel Oelerink vor. Ihm folgte ein \u201eOchs und Esel Blues\u201c des Orchesters mit einem herausragenden Euphonium-Solo von Jannik Janzen.<br \/>\nDer Chor hatte sich im zweiten Teil durch seine Begleitband verst\u00e4rkt. Es gab schelle, sehr rhythmische S\u00e4tze, die durch (teilweise inszeniertes) rhythmisches Klatschen gepr\u00e4gt waren. Das kam im Publikum besonders gut an, erlaubte es aber nicht, die Textinhalte zu vernehmen.<br \/>\nErneut ein toller Erfolg dieses traditionellen Weihnachtskonzerts, das nach Blumen\u00fcbergabe, Dankesworten, Zugaben und gemeinsamem Abschluss Gesang in die Weihnachtszeit entlie\u00df.<\/p>\n<p>Grafschafter Nachrichten &#8211; 23.12.2013<\/p>\n<\/div>\n<\/div>\n","protected":false},"excerpt":{"rendered":"<p>Vorweihnachtlicher Beifallssturm Musikverein Uelsen spielt vor 850 Zuschauern in Emlichheim Von J\u00f6rg Leune Der Musikverein Uelsen hat mit seinem traditionellen Weihnachtskonzert in der altreformierten Kirche Emlichheim begeistert. Die Musiker unter der Leitung von Helga Hoogland erhielten am Sonnabend viel Applaus. Emlichheim\/Uelsen. Zu den gro\u00dfen Dezember-Veranstaltungen geh\u00f6ren seit vielen Jahren Helga Hooglands Weihnachtskonzerte. In diesem Jahr<\/p>\n<p><a href=\"https:\/\/musikverein-uelsen.de\/wordpress\/2013\/12\/23\/vorweihnachtlicher-beifallssturm\/\" class=\"more-link themebutton\">Read More<\/a><\/p>\n","protected":false},"author":2,"featured_media":0,"comment_status":"open","ping_status":"open","sticky":false,"template":"","format":"standard","meta":{"footnotes":""},"categories":[11],"tags":[],"class_list":["post-260","post","type-post","status-publish","format-standard","hentry","category-presse2013"],"_links":{"self":[{"href":"https:\/\/musikverein-uelsen.de\/wordpress\/wp-json\/wp\/v2\/posts\/260","targetHints":{"allow":["GET"]}}],"collection":[{"href":"https:\/\/musikverein-uelsen.de\/wordpress\/wp-json\/wp\/v2\/posts"}],"about":[{"href":"https:\/\/musikverein-uelsen.de\/wordpress\/wp-json\/wp\/v2\/types\/post"}],"author":[{"embeddable":true,"href":"https:\/\/musikverein-uelsen.de\/wordpress\/wp-json\/wp\/v2\/users\/2"}],"replies":[{"embeddable":true,"href":"https:\/\/musikverein-uelsen.de\/wordpress\/wp-json\/wp\/v2\/comments?post=260"}],"version-history":[{"count":1,"href":"https:\/\/musikverein-uelsen.de\/wordpress\/wp-json\/wp\/v2\/posts\/260\/revisions"}],"predecessor-version":[{"id":261,"href":"https:\/\/musikverein-uelsen.de\/wordpress\/wp-json\/wp\/v2\/posts\/260\/revisions\/261"}],"wp:attachment":[{"href":"https:\/\/musikverein-uelsen.de\/wordpress\/wp-json\/wp\/v2\/media?parent=260"}],"wp:term":[{"taxonomy":"category","embeddable":true,"href":"https:\/\/musikverein-uelsen.de\/wordpress\/wp-json\/wp\/v2\/categories?post=260"},{"taxonomy":"post_tag","embeddable":true,"href":"https:\/\/musikverein-uelsen.de\/wordpress\/wp-json\/wp\/v2\/tags?post=260"}],"curies":[{"name":"wp","href":"https:\/\/api.w.org\/{rel}","templated":true}]}}