{"id":246,"date":"2015-07-31T11:15:32","date_gmt":"2015-07-31T10:15:32","guid":{"rendered":"http:\/\/musikverein-uelsen.de\/wordpress\/?p=246"},"modified":"2016-01-31T11:33:46","modified_gmt":"2016-01-31T10:33:46","slug":"musikverein-uelsen-will-zurueck-in-die-zukunft","status":"publish","type":"post","link":"https:\/\/musikverein-uelsen.de\/wordpress\/2015\/07\/31\/musikverein-uelsen-will-zurueck-in-die-zukunft\/","title":{"rendered":"Musikverein Uelsen will \u201eZur\u00fcck in die Zukunft\u201c"},"content":{"rendered":"<div id=\"pressetext\">\n<div id=\"NewsPostDetailContent\">\n<div id=\"pressetext\">\n<div id=\"NewsPostDetailContent\">\n<h2>Musikverein Uelsen will \u201eZur\u00fcck in die Zukunft\u201c<\/h2>\n<p><b> Mit einem gro\u00dfen Jubil\u00e4umskonzert feiert der Musikverein Uelsen am Sonnabend, 3. Oktober, sein 25-j\u00e4hriges Bestehen. Das Konzert unter der Leitung von Helga Hoogland beginnt um 20 Uhr in der Vechtetalhalle in Emlichheim. <\/b><\/p>\n<p>gn <b>Uelsen.<\/b> Die Verantwortlichen des Musikvereins Uelsen um den Vorsitzenden Johann Epmann haben ihr Jubil\u00e4umskonzert zum 25-j\u00e4hrigen Bestehen unter ein ganz besonderes Motto gestellt: \u201eZur\u00fcck in die Zukunft.\u201c Wie in den Science-Fiction-Filmklassikern werden auch die Konzertbesucher am Sonnabend, 3. Oktober, mit auf eine Zeitreise genommen \u2013 auf eine Zeitreise durch jene 25 Jahre, die das musikalische Wirken des Musikvereins widerspiegeln. Dabei wird es ein Wiedersehen mit bekannten Begleitern des Orchesters geben. Die Grafschafter Sparkassenstiftung f\u00f6rdert dieses Konzert mit 7000 Euro.<\/p>\n<p>In der Emlichheimer Vechtetalhalle, die in eine Konzerthalle verwandelt wird, erwartet die Besucher eine musikalische B\u00fchnenshow, die es nach Worten der musikalischen Leiterin Helga Hoogland \u201ein sich hat\u201c. Die Georgsdorferin begleitet den Musikverein seit den Anf\u00e4ngen 1990 und hat ihn bis heute entscheidend gepr\u00e4gt. Unter ihrer Leitung werden nun gro\u00dfe Film- und Musicalkompositionen zu \u201eBatman\u201c oder \u201ePhantom der Oper\u201c aber auch unvergessene Hits wie \u201eABC\u201c oder \u201eI want you back\u201c von den \u201eJackson Five\u201c zu h\u00f6ren sein. \u201eDie Musik wird durch eine abgestimmte Lichtshow erg\u00e4nzt und passende Bilder eingeblendet\u201c, verr\u00e4t Epmann.<\/p>\n<p>Wiedersehen mit Gerald Geerink und Sarah Bouwers<\/p>\n<p>Nicht nur die Auswahl der Lieder erinnert die Konzertbesucher an 25 Jahre Wirken des Musikvereins. Es gibt au\u00dferdem ein Wiedersehen mit Gerald Geerink (Tenor) oder Sarah Bouwers (Sopran). \u201eSarah freut sich auf ihr \u201aHeimspiel\u2018 in Emlichheim. Sie hatte ihren ersten gro\u00dfen Auftritt 1998 in der Vechtetalhalle zusammen mit dem Musikverein\u201c, erinnert sich Epmann an das Solo \u201eCastle on cloud\u201c aus dem Musical \u201eLes Miserables\u201c. Heute ist Sarah Bouwers auf vielen gro\u00dfen B\u00fchnen zu h\u00f6ren. Gerald Geerink studiert Gesang im achten Semester an der Hochschule f\u00fcr Musik in Berlin und wird genauso wie Gitarrist Jan-Olaf Rodt, Dozent f\u00fcr Gitarre an der Uni Oldenburg, dem Konzert \u201enoch einmal mehr an Drive geben\u201c, erkl\u00e4rt Hoogland.<\/p>\n<p>Guido Lambers aus Gildehaus ist zum ersten Mal dabei. Er steht seit mehr als 20 Jahren mit der Partyband \u201eHot Dogs\u201c auf der B\u00fchne und hatte als eigenen gro\u00dfen Hit die Single \u201eIch bleib zuhaus\u201c. Der Erzieher wird zusammen mit einer Bandformation des Orchesters die bekannten Titel \u201eUnser Land\u201c und \u201eWunderbare Leere\u201c der aktuellen Gr\u00f6nemeyer-Tour zum Besten geben. Wolfgang K\u00f6sters aus Georgsdorf wird zusammen mit der Fl\u00f6tistin des Musikvereins, Pia Janke, durch den Abend f\u00fchren.<\/p>\n<p>Eintrittskarten sind erh\u00e4ltlich unter www.musikverein-uelsen.de. Zudem k\u00f6nnen Interessierte bei diesen Vorverkaufsstellen Tickets erwerben: Uhren-Schmuck-Optik W\u00fcrtz und Caf\u00e9 Meier Uelsen, Junger Laden Neuenhaus, Gr\u00fcppen Emlichheim.<\/p>\n<p>Grafschafter Nachrichten &#8211; 31.07.2015<\/p>\n<\/div>\n<\/div>\n<\/div>\n<\/div>\n","protected":false},"excerpt":{"rendered":"<p>Musikverein Uelsen will \u201eZur\u00fcck in die Zukunft\u201c Mit einem gro\u00dfen Jubil\u00e4umskonzert feiert der Musikverein Uelsen am Sonnabend, 3. Oktober, sein 25-j\u00e4hriges Bestehen. Das Konzert unter der Leitung von Helga Hoogland beginnt um 20 Uhr in der Vechtetalhalle in Emlichheim. gn Uelsen. Die Verantwortlichen des Musikvereins Uelsen um den Vorsitzenden Johann Epmann haben ihr Jubil\u00e4umskonzert zum<\/p>\n<p><a href=\"https:\/\/musikverein-uelsen.de\/wordpress\/2015\/07\/31\/musikverein-uelsen-will-zurueck-in-die-zukunft\/\" class=\"more-link themebutton\">Read More<\/a><\/p>\n","protected":false},"author":2,"featured_media":0,"comment_status":"open","ping_status":"open","sticky":false,"template":"","format":"standard","meta":{"footnotes":""},"categories":[6],"tags":[],"class_list":["post-246","post","type-post","status-publish","format-standard","hentry","category-presse2015"],"_links":{"self":[{"href":"https:\/\/musikverein-uelsen.de\/wordpress\/wp-json\/wp\/v2\/posts\/246","targetHints":{"allow":["GET"]}}],"collection":[{"href":"https:\/\/musikverein-uelsen.de\/wordpress\/wp-json\/wp\/v2\/posts"}],"about":[{"href":"https:\/\/musikverein-uelsen.de\/wordpress\/wp-json\/wp\/v2\/types\/post"}],"author":[{"embeddable":true,"href":"https:\/\/musikverein-uelsen.de\/wordpress\/wp-json\/wp\/v2\/users\/2"}],"replies":[{"embeddable":true,"href":"https:\/\/musikverein-uelsen.de\/wordpress\/wp-json\/wp\/v2\/comments?post=246"}],"version-history":[{"count":1,"href":"https:\/\/musikverein-uelsen.de\/wordpress\/wp-json\/wp\/v2\/posts\/246\/revisions"}],"predecessor-version":[{"id":248,"href":"https:\/\/musikverein-uelsen.de\/wordpress\/wp-json\/wp\/v2\/posts\/246\/revisions\/248"}],"wp:attachment":[{"href":"https:\/\/musikverein-uelsen.de\/wordpress\/wp-json\/wp\/v2\/media?parent=246"}],"wp:term":[{"taxonomy":"category","embeddable":true,"href":"https:\/\/musikverein-uelsen.de\/wordpress\/wp-json\/wp\/v2\/categories?post=246"},{"taxonomy":"post_tag","embeddable":true,"href":"https:\/\/musikverein-uelsen.de\/wordpress\/wp-json\/wp\/v2\/tags?post=246"}],"curies":[{"name":"wp","href":"https:\/\/api.w.org\/{rel}","templated":true}]}}