{"id":1612,"date":"2023-11-17T14:38:58","date_gmt":"2023-11-17T13:38:58","guid":{"rendered":"https:\/\/musikverein-uelsen.de\/wordpress\/?p=1612"},"modified":"2025-01-06T14:40:33","modified_gmt":"2025-01-06T13:40:33","slug":"musikverein-stimmt-mit-weihnachtskonzert-auf-die-festtage-ein","status":"publish","type":"post","link":"https:\/\/musikverein-uelsen.de\/wordpress\/2023\/11\/17\/musikverein-stimmt-mit-weihnachtskonzert-auf-die-festtage-ein\/","title":{"rendered":"Musikverein stimmt mit Weihnachtskonzert auf die Festtage ein"},"content":{"rendered":"<p><img decoding=\"async\" class=\"img-responsive\" title=\"Musikverein stimmt mit Weihnachtskonzert auf die Festtage ein \" src=\"https:\/\/www.gn-online.de\/bilder\/die-altreformierte-kirche-in-emlichheim-wird-am-23-dezember-948499.jpg\" alt=\"Die altreformierte Kirche in Emlichheim wird am 23. Dezember wieder zum festlichen Konzertsaal, wenn der Musikverein Uelsen zu seinem traditionellen Weihnachtskonzert aufspielt. Foto: Musikverein Uelsen\" \/><\/p>\n<p>Die altreformierte Kirche in Emlichheim wird am 23. Dezember wieder zum festlichen Konzertsaal, wenn der Musikverein Uelsen zu seinem traditionellen Weihnachtskonzert aufspielt. <span class=\"Fotohinweis\">Foto: Musikverein Uelsen<\/span><\/p>\n<p>&nbsp;<\/p>\n<p>Der Vorverkauf hat erst vor wenigen Tagen begonnen \u2013 doch schon sind die Karten f\u00fcr das traditionelle Weihnachtskonzert des Musikvereins Uelsen vergriffen. In jedem Jahr spielen die Hobbymusikerinnen und -musiker am Sonnabend vor dem vierten Advent in der altreformierten Kirche in Emlichheim. In diesem Jahr ist es der 23. Dezember \u2013 der Abend direkt vor Heiligabend. Das Konzert beginnt um 20 Uhr, Einlass in die Kirche wird ab 19.30 Uhr gew\u00e4hrt.<\/p>\n<p>\u201eDer besondere Termin bringt eine gewisse Erwartungshaltung an das Konzert mit sich: Stimmungsvoll soll es werden, Alt und Jung ins Tr\u00e4umen versetzen, und nicht zuletzt Gelegenheit zur Besinnung auf das Weihnachtsfest bieten\u201c, teilt Pia Brill vom Vorstandsteam des Musikvereins Uelsen mit. Das Orchester unter der Leitung von Helga Hoogland setzt auch in diesem Jahr wieder auf einen ausgewogenen Mix aus traditionellen Weihnachtsliedern und modernen Arrangements. \u201eDer Probenbetrieb im Dorfgemeinschaftshaus Osterwald ist bereits in vollem Gange, um das Publikum auch in diesem Jahr wieder musikalisch \u00fcberzeugen zu k\u00f6nnen\u201c, l\u00e4sst Pia Brill wissen.<\/p>\n<p>Erstmals wird in diesem Jahr Joana K\u00f6ster aus Hoogstede als Gasts\u00e4ngerin auftreten. Die 23-J\u00e4hrige hat w\u00e4hrend ihrer musikalischen Ausbildung in den F\u00e4chern Gesang und Klavier an der Musikschule Niedergrafschaft bereits Konzerterfahrungen gesammelt. Mittlerweile studiert sie an der Universit\u00e4t Osnabr\u00fcck evangelische Theologie und Musik f\u00fcr das Lehramt am Gymnasium. \u201eIm Raum Grafschaft Bentheim und Osnabr\u00fcck ist sie vielen bekannt durch ihre musikalische Begleitung verschiedener Veranstaltungen wie zum Beispiel Hochzeiten, Taufen und andere Feierlichkeiten\u201c, sind sich die Veranstalter sicher.<\/p>\n<p>Als weiteren Gasts\u00e4nger konnte der Musikverein erneut Tobias Klomp gewinnen. \u201eDie Stimme des Tenors ist mittlerweile fester Bestandteil vieler Veranstaltungen des Musikvereins\u201c, meint der Musikverein. \u201eMit seinen professionell vorgetragenen Darbietungen und seinem humorvollen Charakter \u00fcberzeugte der geb\u00fcrtige Niedergrafschafter bereits bei mehreren Weihnachtskonzerten.\u201c Abgerundet wird das musikalische Programm in bew\u00e4hrter Weise durch eine besinnliche Geschichte.<\/p>\n<p>&nbsp;<\/p>\n<p><a href=\"https:\/\/www.gn-online.de\/uelsen\/musikverein-stimmt-mit-weihnachtskonzert-auf-die-festtage-ein-517672.html\">Grafschafter Nachrichten &#8211; 17.11.2023<\/a><\/p>\n","protected":false},"excerpt":{"rendered":"<p>Die altreformierte Kirche in Emlichheim wird am 23. Dezember wieder zum festlichen Konzertsaal, wenn der Musikverein Uelsen zu seinem traditionellen Weihnachtskonzert aufspielt. Foto: Musikverein Uelsen &nbsp; Der Vorverkauf hat erst vor wenigen Tagen begonnen \u2013 doch schon sind die Karten f\u00fcr das traditionelle Weihnachtskonzert des Musikvereins Uelsen vergriffen. In jedem Jahr spielen die Hobbymusikerinnen und<\/p>\n<p><a href=\"https:\/\/musikverein-uelsen.de\/wordpress\/2023\/11\/17\/musikverein-stimmt-mit-weihnachtskonzert-auf-die-festtage-ein\/\" class=\"more-link themebutton\">Read More<\/a><\/p>\n","protected":false},"author":2,"featured_media":0,"comment_status":"open","ping_status":"open","sticky":false,"template":"","format":"standard","meta":{"footnotes":""},"categories":[75],"tags":[],"class_list":["post-1612","post","type-post","status-publish","format-standard","hentry","category-presse2023"],"_links":{"self":[{"href":"https:\/\/musikverein-uelsen.de\/wordpress\/wp-json\/wp\/v2\/posts\/1612","targetHints":{"allow":["GET"]}}],"collection":[{"href":"https:\/\/musikverein-uelsen.de\/wordpress\/wp-json\/wp\/v2\/posts"}],"about":[{"href":"https:\/\/musikverein-uelsen.de\/wordpress\/wp-json\/wp\/v2\/types\/post"}],"author":[{"embeddable":true,"href":"https:\/\/musikverein-uelsen.de\/wordpress\/wp-json\/wp\/v2\/users\/2"}],"replies":[{"embeddable":true,"href":"https:\/\/musikverein-uelsen.de\/wordpress\/wp-json\/wp\/v2\/comments?post=1612"}],"version-history":[{"count":1,"href":"https:\/\/musikverein-uelsen.de\/wordpress\/wp-json\/wp\/v2\/posts\/1612\/revisions"}],"predecessor-version":[{"id":1613,"href":"https:\/\/musikverein-uelsen.de\/wordpress\/wp-json\/wp\/v2\/posts\/1612\/revisions\/1613"}],"wp:attachment":[{"href":"https:\/\/musikverein-uelsen.de\/wordpress\/wp-json\/wp\/v2\/media?parent=1612"}],"wp:term":[{"taxonomy":"category","embeddable":true,"href":"https:\/\/musikverein-uelsen.de\/wordpress\/wp-json\/wp\/v2\/categories?post=1612"},{"taxonomy":"post_tag","embeddable":true,"href":"https:\/\/musikverein-uelsen.de\/wordpress\/wp-json\/wp\/v2\/tags?post=1612"}],"curies":[{"name":"wp","href":"https:\/\/api.w.org\/{rel}","templated":true}]}}