{"id":1600,"date":"2023-12-24T14:23:00","date_gmt":"2023-12-24T13:23:00","guid":{"rendered":"https:\/\/musikverein-uelsen.de\/wordpress\/?p=1600"},"modified":"2025-01-06T14:25:32","modified_gmt":"2025-01-06T13:25:32","slug":"musikverein-beeindruckt-mit-weihnachtskonzert-in-emlichheim","status":"publish","type":"post","link":"https:\/\/musikverein-uelsen.de\/wordpress\/2023\/12\/24\/musikverein-beeindruckt-mit-weihnachtskonzert-in-emlichheim\/","title":{"rendered":"Musikverein beeindruckt mit Weihnachtskonzert in Emlichheim"},"content":{"rendered":"<p><img decoding=\"async\" class=\"img-responsive\" title=\"Musikverein beeindruckt mit Weihnachtskonzert in Emlichheim \" src=\"https:\/\/www.gn-online.de\/bilder\/die-altreformierte-kirche-in-emlichheim-bot-die-kulisse-959045.jpg\" alt=\"Die altreformierte Kirche in Emlichheim bot die Kulisse f\u00fcr das Weihnachtskonzert des Musikvereins Uelsen. Foto: J. L\u00fcken\" \/><\/p>\n<p><em>Die altreformierte Kirche in Emlichheim bot die Kulisse f\u00fcr das Weihnachtskonzert des Musikvereins Uelsen. Foto: J. L\u00fcken<\/em><\/p>\n<p>Von Gerhard Herrenbr\u00fcck<\/p>\n<p>Das Weihnachtkonzert des Uelser Musikvereins in Emlichheim, in einem der sch\u00f6nsten und gr\u00f6\u00dften Gottesh\u00e4user der Grafschaft, weckt Jahr f\u00fcr Jahr besondere Erwartungen. Das hat mit der jahrzehntelangen Tradition des Konzerts und seines spektakul\u00e4ren Klangk\u00f6rpers zu tun. Jeder ist hier ein K\u00f6nner auf seinem Instrument. Zu tun hat es aber auch mit den r\u00e4umlichen und technischen Gegebenheiten: Die himmelw\u00e4rts strebende Architektur, die stimmungsvolle Lichtregie, das erwartungsvolle Raunen der weit \u00fcber tausend Besucher vor Beginn erhebt die Herzen und stimmt auf das Fest ein. Traditionellerweise findet das Konzert immer am Abend des 4. Advents statt. Diesmal ist das der Abend vor dem Heiligen Abend. Also fast schon an Weihnachten selbst. Man ahnt die Stille der Heiligen Nacht.<\/p>\n<p>Im Raum wird es dunkel. Rhythmisches Klatschen begleitet den Auftritt der 70 Musiker, die, schwarz gewandet, den Raum in zwei langen Kolonnen durchqueren. Helga Hoogland, die Dirigentin, wendet sich mit ausgebreiteten Armen zu wortloser Begr\u00fc\u00dfung dem Publikum zu. Am Anfang des Programms stehen die weihnachtlichen Traditionals zum Mitsingen: \u201eAdeste fideles\u201c. Dann die christliche Weihnachtshymne schlechthin: \u201eTochter Zion, freue dich\u201c. Ein gewaltiger Klang aus mehr als 1000 Kehlen, begleitet vom Orchester, in dem das tiefe Blech das Fundament bildet. Die Kostbarkeit des Augenblicks ist sp\u00fcrbar.<\/p>\n<p>Weihnachten ist \u00fcberall. Nicht nur im Traditional. Auch in den Rhythmen popul\u00e4rer Musik. Und Weihnachten ist ein Ereignis der Freude, die sich in dieser Musik besonders ausdr\u00fccken kann. Beispiele daf\u00fcr bietet das Konzert \u00fcberzeugend: Stephan Schwartz\u2018 Song \u201eWhen you believe\u201c, der zum Schluss als Zugabe wiederholt wird. Oder \u201eSanta Claus is coming to town\u201c, von Tobias Klomp weihnachtlich heiter im l\u00e4ssigen Swing dargeboten. Und selbst das so traurig anmutende Lied \u201eThe Rose\u201c, das Joana K\u00f6ster ausdrucksstark vortr\u00e4gt, ber\u00fchrt un\u00fcberh\u00f6rbar tiefe Glaubensfragen.<\/p>\n<p>Das Erfolgsgeheimnis dieses eindrucksvollen Konzerts liegt darin, dass es in seinem Programmaufbau die st\u00e4ndige Wiederkehr des Gleichen vermeidet, sondern die vertrauten Lieder und Traditionsst\u00fccke im Wechsel mit \u00fcberraschenden Kl\u00e4ngen und modernen Arrangements zur Wirkung bringt. Denn Abwechslung erfreut. Das gilt auch f\u00fcr den Wechsel von instrumentalen und vokalen Beitr\u00e4gen und von Musik und Lesung.<\/p>\n<p>Diese dialogische Lesung von Friedel Oelerink und Fritz Baarlink ist seit Jahren schon ein fester Bestandteil und H\u00f6hepunkt des Weihnachtskonzerts. Damit wird das Programm seinem Anspruch gerecht, nicht nur flotte Unterhaltung zu bieten, sondern die Besinnung auf die Weihnachtsbotschaft in die Mitte des Abends zu stellen. Das vertraute weihnachtliche Geschehen im Stall von Bethlehem wird aus der heiteren Perspektive von Ochs und Esel betrachtet, mit erstaunlichen Einsichten f\u00fcr die Zuh\u00f6rer von heute, die alles \u00fcber die Weihnachtsgeschichte zu wissen meinen. Und das Orchester mit dem sch\u00f6nen Euphonium-Solo von Jannik Jansen antwortet auf die Lesung mit dem \u201eOx and Donkey-Blues\u201c, langsam und rhythmisch, gewisserma\u00dfen zum \u201eNach-Denken\u201c. Einfach klasse, das Ganze! Wie \u00fcberhaupt das Orchester durch den ganzen Abend hindurch mit seiner rhythmischen Pr\u00e4zision, seinen taktgenauen Eins\u00e4tzen und seiner makellosen Klangkultur \u00fcberzeugt.<\/p>\n<p>Und auch die Beitr\u00e4ge der beiden Gesangssolisten Joana K\u00f6ster und Tobias Klomp, beides hiesige S\u00e4nger mit gut ausgebildeten Stimmen, die musikalisch ein gleichgewichtiges Gegen\u00fcber zum Gesamtklang des Orchesters einzubringen haben, sind eine Bereicherung f\u00fcr das Weihnachtskonzert. Sie legen solistisch und als Gesangsduo eine eigenst\u00e4ndige Spur durch das ganze Programm hindurch, stimmlich mit Substanz und nicht zu zart und \u00e4therisch. Joanna erweist sich zudem als versierte Klavierbegleiterin, nicht nur bei ihren eigenen vokalen Beitr\u00e4gen, sondern auch bei Tobias Klomp und seiner kraftvollen Tenorstimme. Und auch mit eigenen Arrangements tritt sie im Duett mit Tobias Klomp hervor: Eindrucksvoll singen die beiden den Bob-Dylan-Song \u201eMake you feel me love\u201c, vom Publikum mit rauschendem Beifall bejubelt.<\/p>\n<p>Beifall gibt es auch reichlich zum Schluss: Stilvoll und wortgewandt und mit guten Getr\u00e4nken bedankt sich Pia Brill, Vorstandsmitglied des Uelser Musikvereins, bei einigen der Hauptakteure; auch bei Helga Hoogland, die vorausblickt auf das 30-j\u00e4hrige Bestehen des Orchesters und in Verbindung damit den Mitgliedern dankt, die \u00fcber weite Entfernungen zu den Proben und Konzerten anreisen, aber dadurch die hohe musikalische Kultur des Orchesters sichern, die ein Ereignis wie das so sehr beliebte Weihnachtskonzert erm\u00f6glicht.<\/p>\n<p><a href=\"https:\/\/www.gn-online.de\/emlichheim\/musikverein-beeindruckt-mit-weihnachtskonzert-in-emlichheim-522010.html?StoryId=551496\">Grafschafter Nachrichten &#8211; 24.12.2023<\/a><\/p>\n","protected":false},"excerpt":{"rendered":"<p>Die altreformierte Kirche in Emlichheim bot die Kulisse f\u00fcr das Weihnachtskonzert des Musikvereins Uelsen. Foto: J. L\u00fcken Von Gerhard Herrenbr\u00fcck Das Weihnachtkonzert des Uelser Musikvereins in Emlichheim, in einem der sch\u00f6nsten und gr\u00f6\u00dften Gottesh\u00e4user der Grafschaft, weckt Jahr f\u00fcr Jahr besondere Erwartungen. Das hat mit der jahrzehntelangen Tradition des Konzerts und seines spektakul\u00e4ren Klangk\u00f6rpers zu<\/p>\n<p><a href=\"https:\/\/musikverein-uelsen.de\/wordpress\/2023\/12\/24\/musikverein-beeindruckt-mit-weihnachtskonzert-in-emlichheim\/\" class=\"more-link themebutton\">Read More<\/a><\/p>\n","protected":false},"author":2,"featured_media":0,"comment_status":"open","ping_status":"open","sticky":false,"template":"","format":"standard","meta":{"footnotes":""},"categories":[75],"tags":[],"class_list":["post-1600","post","type-post","status-publish","format-standard","hentry","category-presse2023"],"_links":{"self":[{"href":"https:\/\/musikverein-uelsen.de\/wordpress\/wp-json\/wp\/v2\/posts\/1600","targetHints":{"allow":["GET"]}}],"collection":[{"href":"https:\/\/musikverein-uelsen.de\/wordpress\/wp-json\/wp\/v2\/posts"}],"about":[{"href":"https:\/\/musikverein-uelsen.de\/wordpress\/wp-json\/wp\/v2\/types\/post"}],"author":[{"embeddable":true,"href":"https:\/\/musikverein-uelsen.de\/wordpress\/wp-json\/wp\/v2\/users\/2"}],"replies":[{"embeddable":true,"href":"https:\/\/musikverein-uelsen.de\/wordpress\/wp-json\/wp\/v2\/comments?post=1600"}],"version-history":[{"count":2,"href":"https:\/\/musikverein-uelsen.de\/wordpress\/wp-json\/wp\/v2\/posts\/1600\/revisions"}],"predecessor-version":[{"id":1602,"href":"https:\/\/musikverein-uelsen.de\/wordpress\/wp-json\/wp\/v2\/posts\/1600\/revisions\/1602"}],"wp:attachment":[{"href":"https:\/\/musikverein-uelsen.de\/wordpress\/wp-json\/wp\/v2\/media?parent=1600"}],"wp:term":[{"taxonomy":"category","embeddable":true,"href":"https:\/\/musikverein-uelsen.de\/wordpress\/wp-json\/wp\/v2\/categories?post=1600"},{"taxonomy":"post_tag","embeddable":true,"href":"https:\/\/musikverein-uelsen.de\/wordpress\/wp-json\/wp\/v2\/tags?post=1600"}],"curies":[{"name":"wp","href":"https:\/\/api.w.org\/{rel}","templated":true}]}}