{"id":1543,"date":"2024-08-15T12:25:37","date_gmt":"2024-08-15T11:25:37","guid":{"rendered":"https:\/\/musikverein-uelsen.de\/wordpress\/?p=1543"},"modified":"2024-08-15T12:25:37","modified_gmt":"2024-08-15T11:25:37","slug":"hereinspaziert","status":"publish","type":"post","link":"https:\/\/musikverein-uelsen.de\/wordpress\/2024\/08\/15\/hereinspaziert\/","title":{"rendered":"Hereinspaziert"},"content":{"rendered":"<p><img loading=\"lazy\" decoding=\"async\" class=\"alignnone size-medium wp-image-1544\" src=\"http:\/\/musikverein-uelsen.de\/wordpress\/wp-content\/uploads\/2024\/08\/IMG_4610-212x300.jpg\" alt=\"\" width=\"212\" height=\"300\" srcset=\"https:\/\/musikverein-uelsen.de\/wordpress\/wp-content\/uploads\/2024\/08\/IMG_4610-212x300.jpg 212w, https:\/\/musikverein-uelsen.de\/wordpress\/wp-content\/uploads\/2024\/08\/IMG_4610-600x848.jpg 600w, https:\/\/musikverein-uelsen.de\/wordpress\/wp-content\/uploads\/2024\/08\/IMG_4610.jpg 720w\" sizes=\"auto, (max-width: 212px) 100vw, 212px\" \/><\/p>\n<p>Bald ist es tats\u00e4chlich soweit: Im Hintergrund haben wir an etwas gebastelt und viel geplant. Unser erfolgreiches Hereinspaziert-Konzert bei der Firma K\u00fcpers in Osterwald muss einfach wiederholt werden. Deshalb veranstalten wir am 22.09.2024 unser Hereinspaziert II und freuen uns ihnen und euch wieder unsere Musik pr\u00e4sentieren zu k\u00f6nnen. Es soll ein bunter, spielerischer, froher, leckerer und vor allem musikalischer Nachmittag werden f\u00fcr Jung und Alt.<\/p>\n<p>Es ist f\u00fcr das leibliche Wohl gesorgt. In der ausgiebigen Konzertpause ist viel Zeit f\u00fcr Spiel, Spa\u00df und Geselligkeit.<\/p>\n<p>Unsere Setlist bietet eine bunte Auswahl aus unserem Repertoire von Disney bis Samba und auch in die 80er werfen wir einen Blick! Seid gespannt und kommt zu diesem wunderbaren Nachmittag. Die Karten sind ab sofort an folgenden Vorverkaufsstellen verf\u00fcgbar. In K\u00fcrze startet auch der Verkauf \u00fcber unseren Onlineshop.<\/p>\n<p>Vorverkaufsstellen: VVV Emlichheim, Schuhhaus Scheerhorn Emlichheim, B\u00fcrgerb\u00fcro in Neuenhaus, Schuhhaus B\u00fcter in Osterwald, Uhren-Schmuck-Optik W\u00fcrtz in Uelsen und online im Webshop<\/p>\n","protected":false},"excerpt":{"rendered":"<p>Bald ist es tats\u00e4chlich soweit: Im Hintergrund haben wir an etwas gebastelt und viel geplant. Unser erfolgreiches Hereinspaziert-Konzert bei der Firma K\u00fcpers in Osterwald muss einfach wiederholt werden. Deshalb veranstalten wir am 22.09.2024 unser Hereinspaziert II und freuen uns ihnen und euch wieder unsere Musik pr\u00e4sentieren zu k\u00f6nnen. Es soll ein bunter, spielerischer, froher, leckerer<\/p>\n<p><a href=\"https:\/\/musikverein-uelsen.de\/wordpress\/2024\/08\/15\/hereinspaziert\/\" class=\"more-link themebutton\">Read More<\/a><\/p>\n","protected":false},"author":2,"featured_media":1544,"comment_status":"open","ping_status":"open","sticky":false,"template":"","format":"standard","meta":{"footnotes":""},"categories":[1],"tags":[],"class_list":["post-1543","post","type-post","status-publish","format-standard","has-post-thumbnail","hentry","category-uncategorized"],"_links":{"self":[{"href":"https:\/\/musikverein-uelsen.de\/wordpress\/wp-json\/wp\/v2\/posts\/1543","targetHints":{"allow":["GET"]}}],"collection":[{"href":"https:\/\/musikverein-uelsen.de\/wordpress\/wp-json\/wp\/v2\/posts"}],"about":[{"href":"https:\/\/musikverein-uelsen.de\/wordpress\/wp-json\/wp\/v2\/types\/post"}],"author":[{"embeddable":true,"href":"https:\/\/musikverein-uelsen.de\/wordpress\/wp-json\/wp\/v2\/users\/2"}],"replies":[{"embeddable":true,"href":"https:\/\/musikverein-uelsen.de\/wordpress\/wp-json\/wp\/v2\/comments?post=1543"}],"version-history":[{"count":2,"href":"https:\/\/musikverein-uelsen.de\/wordpress\/wp-json\/wp\/v2\/posts\/1543\/revisions"}],"predecessor-version":[{"id":1546,"href":"https:\/\/musikverein-uelsen.de\/wordpress\/wp-json\/wp\/v2\/posts\/1543\/revisions\/1546"}],"wp:featuredmedia":[{"embeddable":true,"href":"https:\/\/musikverein-uelsen.de\/wordpress\/wp-json\/wp\/v2\/media\/1544"}],"wp:attachment":[{"href":"https:\/\/musikverein-uelsen.de\/wordpress\/wp-json\/wp\/v2\/media?parent=1543"}],"wp:term":[{"taxonomy":"category","embeddable":true,"href":"https:\/\/musikverein-uelsen.de\/wordpress\/wp-json\/wp\/v2\/categories?post=1543"},{"taxonomy":"post_tag","embeddable":true,"href":"https:\/\/musikverein-uelsen.de\/wordpress\/wp-json\/wp\/v2\/tags?post=1543"}],"curies":[{"name":"wp","href":"https:\/\/api.w.org\/{rel}","templated":true}]}}