{"id":1341,"date":"2022-11-12T14:07:22","date_gmt":"2022-11-12T13:07:22","guid":{"rendered":"http:\/\/musikverein-uelsen.de\/wordpress\/?p=1341"},"modified":"2022-11-12T14:12:17","modified_gmt":"2022-11-12T13:12:17","slug":"weihnachtskonzert-2022","status":"publish","type":"post","link":"https:\/\/musikverein-uelsen.de\/wordpress\/2022\/11\/12\/weihnachtskonzert-2022\/","title":{"rendered":"Weihnachtskonzert 2022"},"content":{"rendered":"<p><img loading=\"lazy\" decoding=\"async\" class=\"alignnone size-medium wp-image-1344\" src=\"http:\/\/musikverein-uelsen.de\/wordpress\/wp-content\/uploads\/2022\/11\/Wkonzert2022_plakat-1-211x300.png\" alt=\"\" width=\"211\" height=\"300\" srcset=\"https:\/\/musikverein-uelsen.de\/wordpress\/wp-content\/uploads\/2022\/11\/Wkonzert2022_plakat-1-211x300.png 211w, https:\/\/musikverein-uelsen.de\/wordpress\/wp-content\/uploads\/2022\/11\/Wkonzert2022_plakat-1-600x851.png 600w, https:\/\/musikverein-uelsen.de\/wordpress\/wp-content\/uploads\/2022\/11\/Wkonzert2022_plakat-1-722x1024.png 722w, https:\/\/musikverein-uelsen.de\/wordpress\/wp-content\/uploads\/2022\/11\/Wkonzert2022_plakat-1-768x1089.png 768w, https:\/\/musikverein-uelsen.de\/wordpress\/wp-content\/uploads\/2022\/11\/Wkonzert2022_plakat-1.png 903w\" sizes=\"auto, (max-width: 211px) 100vw, 211px\" \/><\/p>\n<p>Unser Weihnachtskonzert findet endlich wieder statt. Wir d\u00fcrfen Sie am 17.12.2022 um 20:00 Uhr in der ev. altref. Kirche in Emlichheim begr\u00fc\u00dfen.<\/p>\n<p>Der Kartenvorverkauf startet am 16.11.2022! Online oder an den bekannten Vorverkaufsstellen.<\/p>\n<p>F\u00fcr die Veranstaltung gelten die zum Zeitpunkt des Konzerts g\u00fcltigen Corona-Regelungen. Bitte achten Sie auf die entsprechenden Informationsseiten des Landes Niedersachsen sowie auf kurzfristige Informationen, die wir auf unserer Webseite www.musikverein-uelsen.de ver\u00f6ffentlichen.<br \/>\nBis zum Einnehmen Ihres Platzes bitten wir Sie darum, eine FFP2-Maske zu tragen.<br \/>\nAufgrund der reduzierten Besucherzahl wird die Kirche nicht voll besetzt sein. Nutzen Sie die Freir\u00e4ume, um Abstand zu anderen Konzertbesuchern zu halten.<br \/>\nGehen Sie bitte sorgsam mit der Situation um und folgen Sie den Anweisungen des Einlasspersonals.<\/p>\n","protected":false},"excerpt":{"rendered":"<p>Unser Weihnachtskonzert findet endlich wieder statt. Wir d\u00fcrfen Sie am 17.12.2022 um 20:00 Uhr in der ev. altref. Kirche in Emlichheim begr\u00fc\u00dfen. Der Kartenvorverkauf startet am 16.11.2022! Online oder an den bekannten Vorverkaufsstellen. F\u00fcr die Veranstaltung gelten die zum Zeitpunkt des Konzerts g\u00fcltigen Corona-Regelungen. Bitte achten Sie auf die entsprechenden Informationsseiten des Landes Niedersachsen sowie<\/p>\n<p><a href=\"https:\/\/musikverein-uelsen.de\/wordpress\/2022\/11\/12\/weihnachtskonzert-2022\/\" class=\"more-link themebutton\">Read More<\/a><\/p>\n","protected":false},"author":2,"featured_media":1342,"comment_status":"open","ping_status":"open","sticky":false,"template":"","format":"standard","meta":{"footnotes":""},"categories":[1],"tags":[],"class_list":["post-1341","post","type-post","status-publish","format-standard","has-post-thumbnail","hentry","category-uncategorized"],"_links":{"self":[{"href":"https:\/\/musikverein-uelsen.de\/wordpress\/wp-json\/wp\/v2\/posts\/1341","targetHints":{"allow":["GET"]}}],"collection":[{"href":"https:\/\/musikverein-uelsen.de\/wordpress\/wp-json\/wp\/v2\/posts"}],"about":[{"href":"https:\/\/musikverein-uelsen.de\/wordpress\/wp-json\/wp\/v2\/types\/post"}],"author":[{"embeddable":true,"href":"https:\/\/musikverein-uelsen.de\/wordpress\/wp-json\/wp\/v2\/users\/2"}],"replies":[{"embeddable":true,"href":"https:\/\/musikverein-uelsen.de\/wordpress\/wp-json\/wp\/v2\/comments?post=1341"}],"version-history":[{"count":4,"href":"https:\/\/musikverein-uelsen.de\/wordpress\/wp-json\/wp\/v2\/posts\/1341\/revisions"}],"predecessor-version":[{"id":1347,"href":"https:\/\/musikverein-uelsen.de\/wordpress\/wp-json\/wp\/v2\/posts\/1341\/revisions\/1347"}],"wp:featuredmedia":[{"embeddable":true,"href":"https:\/\/musikverein-uelsen.de\/wordpress\/wp-json\/wp\/v2\/media\/1342"}],"wp:attachment":[{"href":"https:\/\/musikverein-uelsen.de\/wordpress\/wp-json\/wp\/v2\/media?parent=1341"}],"wp:term":[{"taxonomy":"category","embeddable":true,"href":"https:\/\/musikverein-uelsen.de\/wordpress\/wp-json\/wp\/v2\/categories?post=1341"},{"taxonomy":"post_tag","embeddable":true,"href":"https:\/\/musikverein-uelsen.de\/wordpress\/wp-json\/wp\/v2\/tags?post=1341"}],"curies":[{"name":"wp","href":"https:\/\/api.w.org\/{rel}","templated":true}]}}